{"id":6512,"date":"2026-06-26T07:02:39","date_gmt":"2026-06-26T10:02:39","guid":{"rendered":"https:\/\/codigopoliticopy.com\/?p=6512"},"modified":"2026-06-26T07:02:39","modified_gmt":"2026-06-26T10:02:39","slug":"raul-latorre-considera-que-no-es-momento-para-una-reforma-constitucional","status":"publish","type":"post","link":"https:\/\/codigopoliticopy.com\/?p=6512","title":{"rendered":"Ra\u00fal Latorre considera que no es momento para una reforma constitucional"},"content":{"rendered":"<p>El presidente de la C\u00e1mara de Diputados, Ra\u00fal Latorre, sostuvo que actualmente no existen las condiciones pol\u00edticas ni sociales para impulsar un proceso de reforma de la Constituci\u00f3n Nacional.<!--more--><\/p>\n<p>El legislador aclar\u00f3 que esta iniciativa no forma parte de la agenda legislativa prioritaria y enfatiz\u00f3 la necesidad de concentrar los esfuerzos en temas que afectan directamente a la ciudadan\u00eda.<\/p>\n<p>Las declaraciones de Latorre surgen en medio de debates pol\u00edticos sobre eventuales cambios al sistema institucional y electoral.<\/p>\n<p>El titular de Diputados reiter\u00f3 que cualquier discusi\u00f3n sobre una reforma constitucional requiere un amplio consenso pol\u00edtico y social, condici\u00f3n que, a su criterio, no se encuentra presente en la actualidad.<\/p>\n","protected":false},"excerpt":{"rendered":"<p>El presidente de la C\u00e1mara de Diputados, Ra\u00fal Latorre, sostuvo que actualmente no existen las condiciones pol\u00edticas ni sociales para<\/p>\n","protected":false},"author":2,"featured_media":2551,"comment_status":"open","ping_status":"open","sticky":false,"template":"","format":"standard","meta":{"colormag_page_container_layout":"default_layout","colormag_page_sidebar_layout":"default_layout","_angie_page":false,"_jetpack_newsletter_access":"","_jetpack_dont_email_post_to_subs":false,"_jetpack_newsletter_tier_id":0,"_jetpack_memberships_contains_paywalled_content":false,"page_builder":"","_jetpack_feature_clip_id":0,"_jetpack_memberships_contains_paid_content":false,"footnotes":"","jetpack_publicize_message":"","jetpack_publicize_feature_enabled":true,"jetpack_social_post_already_shared":false,"jetpack_social_options":{"image_generator_settings":{"template":"highway","default_image_id":0,"font":"","enabled":false},"version":2},"jetpack_post_was_ever_published":false},"categories":[96,3,89],"tags":[],"class_list":["post-6512","post","type-post","status-publish","format-standard","has-post-thumbnail","hentry","category-congreso","category-diputados","category-noticias-destacadas"],"jetpack_publicize_connections":[],"jetpack_featured_media_url":"https:\/\/codigopoliticopy.com\/wp-content\/uploads\/2026\/06\/raul_latorre_cp.jpg","jetpack_sharing_enabled":true,"_links":{"self":[{"href":"https:\/\/codigopoliticopy.com\/index.php?rest_route=\/wp\/v2\/posts\/6512","targetHints":{"allow":["GET"]}}],"collection":[{"href":"https:\/\/codigopoliticopy.com\/index.php?rest_route=\/wp\/v2\/posts"}],"about":[{"href":"https:\/\/codigopoliticopy.com\/index.php?rest_route=\/wp\/v2\/types\/post"}],"author":[{"embeddable":true,"href":"https:\/\/codigopoliticopy.com\/index.php?rest_route=\/wp\/v2\/users\/2"}],"replies":[{"embeddable":true,"href":"https:\/\/codigopoliticopy.com\/index.php?rest_route=%2Fwp%2Fv2%2Fcomments&post=6512"}],"version-history":[{"count":1,"href":"https:\/\/codigopoliticopy.com\/index.php?rest_route=\/wp\/v2\/posts\/6512\/revisions"}],"predecessor-version":[{"id":6513,"href":"https:\/\/codigopoliticopy.com\/index.php?rest_route=\/wp\/v2\/posts\/6512\/revisions\/6513"}],"wp:featuredmedia":[{"embeddable":true,"href":"https:\/\/codigopoliticopy.com\/index.php?rest_route=\/wp\/v2\/media\/2551"}],"wp:attachment":[{"href":"https:\/\/codigopoliticopy.com\/index.php?rest_route=%2Fwp%2Fv2%2Fmedia&parent=6512"}],"wp:term":[{"taxonomy":"category","embeddable":true,"href":"https:\/\/codigopoliticopy.com\/index.php?rest_route=%2Fwp%2Fv2%2Fcategories&post=6512"},{"taxonomy":"post_tag","embeddable":true,"href":"https:\/\/codigopoliticopy.com\/index.php?rest_route=%2Fwp%2Fv2%2Ftags&post=6512"}],"curies":[{"name":"wp","href":"https:\/\/api.w.org\/{rel}","templated":true}]}}