{"id":6654,"date":"2026-07-28T18:41:36","date_gmt":"2026-07-28T21:41:36","guid":{"rendered":"https:\/\/codigopoliticopy.com\/?p=6654"},"modified":"2026-07-28T18:42:26","modified_gmt":"2026-07-28T21:42:26","slug":"pena-apuesta-todo-a-keiko-busca-romper-el-aislamiento-del-mercosur-y-abrir-la-puerta-al-pacifico","status":"publish","type":"post","link":"https:\/\/codigopoliticopy.com\/?p=6654","title":{"rendered":"Pe\u00f1a apuesta todo a Keiko: busca romper el aislamiento del Mercosur y abrir la puerta al Pac\u00edfico"},"content":{"rendered":"<p data-start=\"106\" data-end=\"620\">El presidente Santiago Pe\u00f1a movi\u00f3 una de sus principales fichas en pol\u00edtica exterior al reunirse con la nueva mandataria peruana, Keiko Fujimori, en un encuentro donde el objetivo fue mucho m\u00e1s all\u00e1 del protocolo diplom\u00e1tico. El Gobierno paraguayo busca convertir al Per\u00fa en un socio estrat\u00e9gico para acelerar la salida de la producci\u00f3n nacional hacia el oc\u00e9ano Pac\u00edfico y reposicionar al Mercosur en una regi\u00f3n que, seg\u00fan el propio mandatario, contin\u00faa siendo una de las menos integradas comercialmente del mundo.<\/p>\n<p data-start=\"622\" data-end=\"1221\">Durante la reuni\u00f3n, ambos gobiernos coincidieron en avanzar en una agenda de alto impacto econ\u00f3mico que incluye la profundizaci\u00f3n del Acuerdo de Complementaci\u00f3n Econ\u00f3mica N.\u00ba 58, el fortalecimiento de los puertos peruanos de Ilo y Matarani y el impulso definitivo al Corredor Bioce\u00e1nico. Pe\u00f1a dej\u00f3 entrever que la llegada de Fujimori al poder representa una oportunidad para reactivar una integraci\u00f3n regional que, en los \u00faltimos a\u00f1os, perdi\u00f3 dinamismo. \u00abTenemos que retomar este proceso\u00bb, sostuvo el mandatario paraguayo al destacar el papel que hist\u00f3ricamente tuvo Per\u00fa en la Alianza del Pac\u00edfico.<\/p>\n<p data-start=\"1223\" data-end=\"1792\" data-is-last-node=\"\" data-is-only-node=\"\">Pero la reuni\u00f3n no solo estuvo enfocada en comercio. Pe\u00f1a tambi\u00e9n instal\u00f3 otro de los temas que considera prioritarios para la regi\u00f3n: la lucha contra el crimen organizado transnacional. El presidente afirm\u00f3 que las organizaciones criminales ya no reconocen fronteras y reclam\u00f3 una respuesta coordinada entre los gobiernos sudamericanos. \u00abEl crimen organizado se combate con gobiernos organizados\u00bb, enfatiz\u00f3, mientras su administraci\u00f3n apuesta a que la nueva etapa pol\u00edtica en Per\u00fa se convierta en un aliado clave tanto para la econom\u00eda como para la seguridad regional.<\/p>\n","protected":false},"excerpt":{"rendered":"<p>El presidente Santiago Pe\u00f1a movi\u00f3 una de sus principales fichas en pol\u00edtica exterior al reunirse con la nueva mandataria peruana,<\/p>\n","protected":false},"author":2,"featured_media":6655,"comment_status":"open","ping_status":"open","sticky":false,"template":"","format":"standard","meta":{"colormag_page_container_layout":"default_layout","colormag_page_sidebar_layout":"default_layout","_angie_page":false,"_jetpack_newsletter_access":"","_jetpack_dont_email_post_to_subs":false,"_jetpack_newsletter_tier_id":0,"_jetpack_memberships_contains_paywalled_content":false,"page_builder":"","_jetpack_feature_clip_id":0,"_jetpack_memberships_contains_paid_content":false,"footnotes":"","jetpack_publicize_message":"","jetpack_publicize_feature_enabled":true,"jetpack_social_post_already_shared":true,"jetpack_social_options":{"image_generator_settings":{"template":"highway","default_image_id":0,"font":"","enabled":false},"version":2},"jetpack_post_was_ever_published":false},"categories":[5,89],"tags":[],"class_list":["post-6654","post","type-post","status-publish","format-standard","has-post-thumbnail","hentry","category-mapa-politico","category-noticias-destacadas"],"jetpack_publicize_connections":[],"jetpack_featured_media_url":"https:\/\/codigopoliticopy.com\/wp-content\/uploads\/2026\/07\/santi_keiko.jpg","jetpack_sharing_enabled":true,"_links":{"self":[{"href":"https:\/\/codigopoliticopy.com\/index.php?rest_route=\/wp\/v2\/posts\/6654","targetHints":{"allow":["GET"]}}],"collection":[{"href":"https:\/\/codigopoliticopy.com\/index.php?rest_route=\/wp\/v2\/posts"}],"about":[{"href":"https:\/\/codigopoliticopy.com\/index.php?rest_route=\/wp\/v2\/types\/post"}],"author":[{"embeddable":true,"href":"https:\/\/codigopoliticopy.com\/index.php?rest_route=\/wp\/v2\/users\/2"}],"replies":[{"embeddable":true,"href":"https:\/\/codigopoliticopy.com\/index.php?rest_route=%2Fwp%2Fv2%2Fcomments&post=6654"}],"version-history":[{"count":1,"href":"https:\/\/codigopoliticopy.com\/index.php?rest_route=\/wp\/v2\/posts\/6654\/revisions"}],"predecessor-version":[{"id":6656,"href":"https:\/\/codigopoliticopy.com\/index.php?rest_route=\/wp\/v2\/posts\/6654\/revisions\/6656"}],"wp:featuredmedia":[{"embeddable":true,"href":"https:\/\/codigopoliticopy.com\/index.php?rest_route=\/wp\/v2\/media\/6655"}],"wp:attachment":[{"href":"https:\/\/codigopoliticopy.com\/index.php?rest_route=%2Fwp%2Fv2%2Fmedia&parent=6654"}],"wp:term":[{"taxonomy":"category","embeddable":true,"href":"https:\/\/codigopoliticopy.com\/index.php?rest_route=%2Fwp%2Fv2%2Fcategories&post=6654"},{"taxonomy":"post_tag","embeddable":true,"href":"https:\/\/codigopoliticopy.com\/index.php?rest_route=%2Fwp%2Fv2%2Ftags&post=6654"}],"curies":[{"name":"wp","href":"https:\/\/api.w.org\/{rel}","templated":true}]}}