{"id":6657,"date":"2026-07-28T18:47:22","date_gmt":"2026-07-28T21:47:22","guid":{"rendered":"https:\/\/codigopoliticopy.com\/?p=6657"},"modified":"2026-07-28T18:47:22","modified_gmt":"2026-07-28T21:47:22","slug":"honor-colorado-se-alinea-con-alliana-y-exige-una-disculpa-de-lula-por-sus-dichos-sobre-la-guerra-de-la-triple-alianza","status":"publish","type":"post","link":"https:\/\/codigopoliticopy.com\/?p=6657","title":{"rendered":"Honor Colorado se alinea con Alliana y exige una disculpa de Lula por sus dichos sobre la Guerra de la Triple Alianza"},"content":{"rendered":"<p>El l\u00edder de la bancada de Honor Colorado en la C\u00e1mara de Diputados, Miguel Del Puerto, expres\u00f3 su respaldo al vicepresidente de la Rep\u00fablica, Pedro Alliana, y cuestion\u00f3 las recientes declaraciones del presidente de Brasil, Luiz In\u00e1cio Lula da Silva, sobre la Guerra contra la Triple Alianza. El legislador sostuvo que las expresiones del mandatario brasile\u00f1o afectan la memoria hist\u00f3rica del Paraguay y consider\u00f3 que corresponde una disculpa oficial.<!--more--><\/p>\n<p>La pol\u00e9mica se desat\u00f3 luego de que Lula afirmara que \u00abun buen d\u00eda Paraguay decidi\u00f3 invadir Brasil\u00bb, una versi\u00f3n que provoc\u00f3 una ola de cr\u00edticas en el \u00e1mbito pol\u00edtico nacional. Del Puerto se\u00f1al\u00f3 que comparte plenamente la postura asumida por Alliana y enfatiz\u00f3 que la historia paraguaya debe ser tratada con objetividad, responsabilidad y respeto, debido al profundo impacto que aquel conflicto tuvo en la identidad y el desarrollo del pa\u00eds.<\/p>\n<p>El diputado remarc\u00f3 que Paraguay mantiene una relaci\u00f3n hist\u00f3rica de amistad y cooperaci\u00f3n con Brasil, pero advirti\u00f3 que ese v\u00ednculo tambi\u00e9n debe sustentarse en el respeto mutuo. En ese sentido, afirm\u00f3 que las declaraciones del mandatario brasile\u00f1o generaron una l\u00f3gica sensibilidad entre los paraguayos y reiter\u00f3 que una rectificaci\u00f3n contribuir\u00eda a fortalecer las relaciones bilaterales.<\/p>\n<p>Asimismo, Del Puerto aclar\u00f3 que el planteamiento no busca generar un conflicto diplom\u00e1tico ni afectar los lazos entre ambos pa\u00edses, sino defender la memoria de quienes perdieron la vida durante la Guerra de la Triple Alianza. Finalmente, inst\u00f3 a mantener el di\u00e1logo entre Paraguay y Brasil dentro de un marco de respeto rec\u00edproco y sostuvo que preservar la verdad hist\u00f3rica constituye un compromiso con las actuales y futuras generaciones.<\/p>\n","protected":false},"excerpt":{"rendered":"<p>El l\u00edder de la bancada de Honor Colorado en la C\u00e1mara de Diputados, Miguel Del Puerto, expres\u00f3 su respaldo al<\/p>\n","protected":false},"author":2,"featured_media":6658,"comment_status":"open","ping_status":"open","sticky":false,"template":"","format":"standard","meta":{"colormag_page_container_layout":"default_layout","colormag_page_sidebar_layout":"default_layout","_angie_page":false,"_jetpack_newsletter_access":"","_jetpack_dont_email_post_to_subs":false,"_jetpack_newsletter_tier_id":0,"_jetpack_memberships_contains_paywalled_content":false,"page_builder":"","_jetpack_feature_clip_id":0,"_jetpack_memberships_contains_paid_content":false,"footnotes":"","jetpack_publicize_message":"","jetpack_publicize_feature_enabled":true,"jetpack_social_post_already_shared":true,"jetpack_social_options":{"image_generator_settings":{"template":"highway","default_image_id":0,"font":"","enabled":false},"version":2},"jetpack_post_was_ever_published":false},"categories":[89,3],"tags":[],"class_list":["post-6657","post","type-post","status-publish","format-standard","has-post-thumbnail","hentry","category-noticias-destacadas","category-diputados"],"jetpack_publicize_connections":[],"jetpack_featured_media_url":"https:\/\/codigopoliticopy.com\/wp-content\/uploads\/2026\/07\/miguel_del_puerto_cp.jpg","jetpack_sharing_enabled":true,"_links":{"self":[{"href":"https:\/\/codigopoliticopy.com\/index.php?rest_route=\/wp\/v2\/posts\/6657","targetHints":{"allow":["GET"]}}],"collection":[{"href":"https:\/\/codigopoliticopy.com\/index.php?rest_route=\/wp\/v2\/posts"}],"about":[{"href":"https:\/\/codigopoliticopy.com\/index.php?rest_route=\/wp\/v2\/types\/post"}],"author":[{"embeddable":true,"href":"https:\/\/codigopoliticopy.com\/index.php?rest_route=\/wp\/v2\/users\/2"}],"replies":[{"embeddable":true,"href":"https:\/\/codigopoliticopy.com\/index.php?rest_route=%2Fwp%2Fv2%2Fcomments&post=6657"}],"version-history":[{"count":1,"href":"https:\/\/codigopoliticopy.com\/index.php?rest_route=\/wp\/v2\/posts\/6657\/revisions"}],"predecessor-version":[{"id":6659,"href":"https:\/\/codigopoliticopy.com\/index.php?rest_route=\/wp\/v2\/posts\/6657\/revisions\/6659"}],"wp:featuredmedia":[{"embeddable":true,"href":"https:\/\/codigopoliticopy.com\/index.php?rest_route=\/wp\/v2\/media\/6658"}],"wp:attachment":[{"href":"https:\/\/codigopoliticopy.com\/index.php?rest_route=%2Fwp%2Fv2%2Fmedia&parent=6657"}],"wp:term":[{"taxonomy":"category","embeddable":true,"href":"https:\/\/codigopoliticopy.com\/index.php?rest_route=%2Fwp%2Fv2%2Fcategories&post=6657"},{"taxonomy":"post_tag","embeddable":true,"href":"https:\/\/codigopoliticopy.com\/index.php?rest_route=%2Fwp%2Fv2%2Ftags&post=6657"}],"curies":[{"name":"wp","href":"https:\/\/api.w.org\/{rel}","templated":true}]}}