{"id":6673,"date":"2026-07-30T09:19:44","date_gmt":"2026-07-30T12:19:44","guid":{"rendered":"https:\/\/codigopoliticopy.com\/?p=6673"},"modified":"2026-07-30T09:21:05","modified_gmt":"2026-07-30T12:21:05","slug":"plra-pone-en-jaque-la-eleccion-del-contralor-y-condiciona-permanencia-de-sus-candidatos-en-las-ternas","status":"publish","type":"post","link":"https:\/\/codigopoliticopy.com\/?p=6673","title":{"rendered":"PLRA pone en jaque la elecci\u00f3n del Contralor y condiciona permanencia de sus candidatos en las ternas"},"content":{"rendered":"<p>El Partido Liberal Radical Aut\u00e9ntico (PLRA) fij\u00f3 una postura firme respecto al proceso de elecci\u00f3n del pr\u00f3ximo contralor y subcontralor general de la Rep\u00fablica. El presidente del partido, Alcides Riveros, confirm\u00f3 que el Directorio resolvi\u00f3 que los candidatos liberales deber\u00e1n declinar sus postulaciones si las ternas no representan un proceso democr\u00e1tico y equilibrado, advirtiendo adem\u00e1s que la nucleaci\u00f3n no legitimar\u00e1 la designaci\u00f3n de las nuevas autoridades de la Contralor\u00eda bajo esas condiciones.<!--more--><\/p>\n<p>Riveros argument\u00f3 que el organismo de control deber\u00eda estar encabezado por un representante de la oposici\u00f3n y cuestion\u00f3 la conformaci\u00f3n de las ternas impulsadas para el proceso de elecci\u00f3n. Seg\u00fan explic\u00f3, la postura del partido busca evitar que la Contralor\u00eda quede alineada con el oficialismo y reafirmar el rol de la instituci\u00f3n como \u00f3rgano de control independiente.<\/p>\n<p>En el \u00e1mbito electoral, el titular liberal adelant\u00f3 que el PLRA avanza en la conformaci\u00f3n de alianzas con miras a las elecciones municipales y prometi\u00f3 anuncios que podr\u00edan modificar el escenario pol\u00edtico en varios distritos.<\/p>\n<p>\u00abLa pr\u00f3xima semana habr\u00e1 muchas sorpresas\u00bb, asegur\u00f3 Riveros, al se\u00f1alar que el objetivo es recuperar municipios perdidos y superar el resultado de los \u00faltimos comicios. Las alianzas deber\u00e1n oficializarse antes del 7 de agosto, fecha l\u00edmite establecida por el cronograma electoral.<\/p>\n","protected":false},"excerpt":{"rendered":"<p>El Partido Liberal Radical Aut\u00e9ntico (PLRA) fij\u00f3 una postura firme respecto al proceso de elecci\u00f3n del pr\u00f3ximo contralor y subcontralor<\/p>\n","protected":false},"author":2,"featured_media":6674,"comment_status":"open","ping_status":"open","sticky":false,"template":"","format":"standard","meta":{"colormag_page_container_layout":"default_layout","colormag_page_sidebar_layout":"default_layout","_angie_page":false,"_jetpack_newsletter_access":"","_jetpack_dont_email_post_to_subs":false,"_jetpack_newsletter_tier_id":0,"_jetpack_memberships_contains_paywalled_content":false,"page_builder":"","_jetpack_feature_clip_id":0,"_jetpack_memberships_contains_paid_content":false,"footnotes":"","jetpack_publicize_message":"","jetpack_publicize_feature_enabled":true,"jetpack_social_post_already_shared":true,"jetpack_social_options":{"image_generator_settings":{"template":"highway","default_image_id":0,"font":"","enabled":false},"version":2},"jetpack_post_was_ever_published":false},"categories":[5,89],"tags":[],"class_list":["post-6673","post","type-post","status-publish","format-standard","has-post-thumbnail","hentry","category-mapa-politico","category-noticias-destacadas"],"jetpack_publicize_connections":[],"jetpack_featured_media_url":"https:\/\/codigopoliticopy.com\/wp-content\/uploads\/2026\/07\/contraloria_general_cp_1_fachada.jpg","jetpack_sharing_enabled":true,"_links":{"self":[{"href":"https:\/\/codigopoliticopy.com\/index.php?rest_route=\/wp\/v2\/posts\/6673","targetHints":{"allow":["GET"]}}],"collection":[{"href":"https:\/\/codigopoliticopy.com\/index.php?rest_route=\/wp\/v2\/posts"}],"about":[{"href":"https:\/\/codigopoliticopy.com\/index.php?rest_route=\/wp\/v2\/types\/post"}],"author":[{"embeddable":true,"href":"https:\/\/codigopoliticopy.com\/index.php?rest_route=\/wp\/v2\/users\/2"}],"replies":[{"embeddable":true,"href":"https:\/\/codigopoliticopy.com\/index.php?rest_route=%2Fwp%2Fv2%2Fcomments&post=6673"}],"version-history":[{"count":1,"href":"https:\/\/codigopoliticopy.com\/index.php?rest_route=\/wp\/v2\/posts\/6673\/revisions"}],"predecessor-version":[{"id":6675,"href":"https:\/\/codigopoliticopy.com\/index.php?rest_route=\/wp\/v2\/posts\/6673\/revisions\/6675"}],"wp:featuredmedia":[{"embeddable":true,"href":"https:\/\/codigopoliticopy.com\/index.php?rest_route=\/wp\/v2\/media\/6674"}],"wp:attachment":[{"href":"https:\/\/codigopoliticopy.com\/index.php?rest_route=%2Fwp%2Fv2%2Fmedia&parent=6673"}],"wp:term":[{"taxonomy":"category","embeddable":true,"href":"https:\/\/codigopoliticopy.com\/index.php?rest_route=%2Fwp%2Fv2%2Fcategories&post=6673"},{"taxonomy":"post_tag","embeddable":true,"href":"https:\/\/codigopoliticopy.com\/index.php?rest_route=%2Fwp%2Fv2%2Ftags&post=6673"}],"curies":[{"name":"wp","href":"https:\/\/api.w.org\/{rel}","templated":true}]}}