{"id":6676,"date":"2026-07-31T08:00:52","date_gmt":"2026-07-31T11:00:52","guid":{"rendered":"https:\/\/codigopoliticopy.com\/?p=6676"},"modified":"2026-07-31T08:00:52","modified_gmt":"2026-07-31T11:00:52","slug":"dionisio-desafia-al-directorio-del-plra-y-estalla-contra-celeste-amarilla-no-retiren-las-candidaturas","status":"publish","type":"post","link":"https:\/\/codigopoliticopy.com\/?p=6676","title":{"rendered":"Dionisio desaf\u00eda al Directorio del PLRA y estalla contra Celeste Amarilla: \u00abNo retiren las candidaturas"},"content":{"rendered":"<p>La interna del Partido Liberal Radical Aut\u00e9ntico (PLRA) sum\u00f3 un nuevo cap\u00edtulo de alto voltaje. El senador Dionisio Amarilla sali\u00f3 al cruce de la resoluci\u00f3n del Directorio que ordena a los candidatos liberales retirarse de la carrera por la Contralor\u00eda General de la Rep\u00fablica y pidi\u00f3 p\u00fablicamente al diputado Jorge \u00c1valos Mari\u00f1o que ignore la directriz partidaria y mantenga firme su postulaci\u00f3n. Para el legislador, la decisi\u00f3n de la conducci\u00f3n liberal es un \u00abdesprop\u00f3sito\u00bb que perjudica a dirigentes con m\u00e9ritos suficientes para ocupar cargos de relevancia institucional.<!--more--><\/p>\n<p>Pero Amarilla fue m\u00e1s all\u00e1 y convirti\u00f3 el debate pol\u00edtico en un nuevo enfrentamiento interno. En declaraciones p\u00fablicas, apunt\u00f3 directamente contra su correligionaria Celeste Amarilla, al sostener que la diputada habr\u00eda llegado \u00abalzada de alcohol\u00bb a la sesi\u00f3n del Directorio en la que se discuti\u00f3 el retiro de las candidaturas. La acusaci\u00f3n volvi\u00f3 a exponer la profunda fractura que atraviesa al principal partido de la oposici\u00f3n, donde las diferencias ya no solo se ventilan en reuniones partidarias, sino tambi\u00e9n a trav\u00e9s de los medios.<\/p>\n<p>Mientras el Directorio intenta imponer una estrategia com\u00fan para la elecci\u00f3n del pr\u00f3ximo contralor, las declaraciones de Dionisio dejan al descubierto que el consenso est\u00e1 lejos de existir. La disputa ya no gira \u00fanicamente en torno a qui\u00e9n debe ocupar la Contralor\u00eda, sino tambi\u00e9n sobre qui\u00e9n conduce realmente al PLRA y hasta qu\u00e9 punto sus resoluciones tienen autoridad entre los propios referentes liberales. La pelea interna amenaza con debilitar a\u00fan m\u00e1s la posici\u00f3n opositora en una elecci\u00f3n considerada clave para el control institucional del Estado.<\/p>\n","protected":false},"excerpt":{"rendered":"<p>La interna del Partido Liberal Radical Aut\u00e9ntico (PLRA) sum\u00f3 un nuevo cap\u00edtulo de alto voltaje. El senador Dionisio Amarilla sali\u00f3<\/p>\n","protected":false},"author":2,"featured_media":6677,"comment_status":"open","ping_status":"open","sticky":false,"template":"","format":"standard","meta":{"colormag_page_container_layout":"default_layout","colormag_page_sidebar_layout":"default_layout","_angie_page":false,"_jetpack_newsletter_access":"","_jetpack_dont_email_post_to_subs":false,"_jetpack_newsletter_tier_id":0,"_jetpack_memberships_contains_paywalled_content":false,"page_builder":"","_jetpack_feature_clip_id":0,"_jetpack_memberships_contains_paid_content":false,"footnotes":"","jetpack_publicize_message":"","jetpack_publicize_feature_enabled":true,"jetpack_social_post_already_shared":true,"jetpack_social_options":{"image_generator_settings":{"template":"highway","default_image_id":0,"font":"","enabled":false},"version":2},"jetpack_post_was_ever_published":false},"categories":[2,96,89],"tags":[],"class_list":["post-6676","post","type-post","status-publish","format-standard","has-post-thumbnail","hentry","category-senado","category-congreso","category-noticias-destacadas"],"jetpack_publicize_connections":[],"jetpack_featured_media_url":"https:\/\/codigopoliticopy.com\/wp-content\/uploads\/2026\/07\/dionisio_amarilla_cp_1.png","jetpack_sharing_enabled":true,"_links":{"self":[{"href":"https:\/\/codigopoliticopy.com\/index.php?rest_route=\/wp\/v2\/posts\/6676","targetHints":{"allow":["GET"]}}],"collection":[{"href":"https:\/\/codigopoliticopy.com\/index.php?rest_route=\/wp\/v2\/posts"}],"about":[{"href":"https:\/\/codigopoliticopy.com\/index.php?rest_route=\/wp\/v2\/types\/post"}],"author":[{"embeddable":true,"href":"https:\/\/codigopoliticopy.com\/index.php?rest_route=\/wp\/v2\/users\/2"}],"replies":[{"embeddable":true,"href":"https:\/\/codigopoliticopy.com\/index.php?rest_route=%2Fwp%2Fv2%2Fcomments&post=6676"}],"version-history":[{"count":1,"href":"https:\/\/codigopoliticopy.com\/index.php?rest_route=\/wp\/v2\/posts\/6676\/revisions"}],"predecessor-version":[{"id":6678,"href":"https:\/\/codigopoliticopy.com\/index.php?rest_route=\/wp\/v2\/posts\/6676\/revisions\/6678"}],"wp:featuredmedia":[{"embeddable":true,"href":"https:\/\/codigopoliticopy.com\/index.php?rest_route=\/wp\/v2\/media\/6677"}],"wp:attachment":[{"href":"https:\/\/codigopoliticopy.com\/index.php?rest_route=%2Fwp%2Fv2%2Fmedia&parent=6676"}],"wp:term":[{"taxonomy":"category","embeddable":true,"href":"https:\/\/codigopoliticopy.com\/index.php?rest_route=%2Fwp%2Fv2%2Fcategories&post=6676"},{"taxonomy":"post_tag","embeddable":true,"href":"https:\/\/codigopoliticopy.com\/index.php?rest_route=%2Fwp%2Fv2%2Ftags&post=6676"}],"curies":[{"name":"wp","href":"https:\/\/api.w.org\/{rel}","templated":true}]}}