{"id":6679,"date":"2026-07-31T09:37:50","date_gmt":"2026-07-31T12:37:50","guid":{"rendered":"https:\/\/codigopoliticopy.com\/?p=6679"},"modified":"2026-07-31T09:37:50","modified_gmt":"2026-07-31T12:37:50","slug":"comienza-la-carrera-por-la-defensoria-del-pueblo-siete-aspirantes-ya-buscan-un-cargo-clave-del-estado","status":"publish","type":"post","link":"https:\/\/codigopoliticopy.com\/?p=6679","title":{"rendered":"Comienza la carrera por la Defensor\u00eda del Pueblo: siete aspirantes ya buscan un cargo clave del Estado"},"content":{"rendered":"<p>La pulseada por uno de los cargos de mayor peso institucional ya est\u00e1 en marcha. A diez d\u00edas del cierre de inscripciones, siete postulantes oficializaron sus candidaturas para ocupar la Defensor\u00eda del Pueblo y la Defensor\u00eda Adjunta, en un proceso que volver\u00e1 a poner a prueba la capacidad de consenso entre el Senado y la C\u00e1mara de Diputados.<!--more--><\/p>\n<p>La \u00faltima en sumarse fue M\u00f3nica Alejandra Villalba Cabral, funcionaria de la Corte Suprema de Justicia, quien se inscribi\u00f3 para ambos cargos. Se une as\u00ed a Federico G\u00e9nez, Isidro Mi\u00f1o, Alejandro Magno Castillo, \u00c1lex Ben\u00edtez, Alicia Alvarenga y Gilberto Maldonado. Sin embargo, en los pasillos del Congreso ya se da por hecho que la n\u00f3mina seguir\u00e1 creciendo hasta el 10 de agosto, fecha l\u00edmite para presentar candidaturas.<\/p>\n<p>El proceso cobra especial relevancia porque el mandato del actual defensor del Pueblo, Rafael \u00c1vila, concluye el 10 de noviembre. La Constituci\u00f3n establece que el Senado deber\u00e1 conformar una terna y que la C\u00e1mara de Diputados tendr\u00e1 la \u00faltima palabra en la elecci\u00f3n. Como ocurre con otros cargos de alta sensibilidad pol\u00edtica, las negociaciones entre bancadas prometen ser intensas y la definici\u00f3n final depender\u00e1 tanto de los m\u00e9ritos de los postulantes como de los acuerdos que se tejan en el Congreso.<\/p>\n","protected":false},"excerpt":{"rendered":"<p>La pulseada por uno de los cargos de mayor peso institucional ya est\u00e1 en marcha. A diez d\u00edas del cierre<\/p>\n","protected":false},"author":2,"featured_media":6680,"comment_status":"open","ping_status":"open","sticky":false,"template":"","format":"standard","meta":{"colormag_page_container_layout":"default_layout","colormag_page_sidebar_layout":"default_layout","_angie_page":false,"_jetpack_newsletter_access":"","_jetpack_dont_email_post_to_subs":false,"_jetpack_newsletter_tier_id":0,"_jetpack_memberships_contains_paywalled_content":false,"page_builder":"","_jetpack_feature_clip_id":0,"_jetpack_memberships_contains_paid_content":false,"footnotes":"","jetpack_publicize_message":"","jetpack_publicize_feature_enabled":true,"jetpack_social_post_already_shared":true,"jetpack_social_options":{"image_generator_settings":{"template":"highway","default_image_id":0,"font":"","enabled":false},"version":2},"jetpack_post_was_ever_published":false},"categories":[2,96,5],"tags":[],"class_list":["post-6679","post","type-post","status-publish","format-standard","has-post-thumbnail","hentry","category-senado","category-congreso","category-mapa-politico"],"jetpack_publicize_connections":[],"jetpack_featured_media_url":"https:\/\/codigopoliticopy.com\/wp-content\/uploads\/2026\/07\/defensoria_del_pueblo_cp.jpg","jetpack_sharing_enabled":true,"_links":{"self":[{"href":"https:\/\/codigopoliticopy.com\/index.php?rest_route=\/wp\/v2\/posts\/6679","targetHints":{"allow":["GET"]}}],"collection":[{"href":"https:\/\/codigopoliticopy.com\/index.php?rest_route=\/wp\/v2\/posts"}],"about":[{"href":"https:\/\/codigopoliticopy.com\/index.php?rest_route=\/wp\/v2\/types\/post"}],"author":[{"embeddable":true,"href":"https:\/\/codigopoliticopy.com\/index.php?rest_route=\/wp\/v2\/users\/2"}],"replies":[{"embeddable":true,"href":"https:\/\/codigopoliticopy.com\/index.php?rest_route=%2Fwp%2Fv2%2Fcomments&post=6679"}],"version-history":[{"count":1,"href":"https:\/\/codigopoliticopy.com\/index.php?rest_route=\/wp\/v2\/posts\/6679\/revisions"}],"predecessor-version":[{"id":6681,"href":"https:\/\/codigopoliticopy.com\/index.php?rest_route=\/wp\/v2\/posts\/6679\/revisions\/6681"}],"wp:featuredmedia":[{"embeddable":true,"href":"https:\/\/codigopoliticopy.com\/index.php?rest_route=\/wp\/v2\/media\/6680"}],"wp:attachment":[{"href":"https:\/\/codigopoliticopy.com\/index.php?rest_route=%2Fwp%2Fv2%2Fmedia&parent=6679"}],"wp:term":[{"taxonomy":"category","embeddable":true,"href":"https:\/\/codigopoliticopy.com\/index.php?rest_route=%2Fwp%2Fv2%2Fcategories&post=6679"},{"taxonomy":"post_tag","embeddable":true,"href":"https:\/\/codigopoliticopy.com\/index.php?rest_route=%2Fwp%2Fv2%2Ftags&post=6679"}],"curies":[{"name":"wp","href":"https:\/\/api.w.org\/{rel}","templated":true}]}}