{"id":6682,"date":"2026-07-31T09:58:29","date_gmt":"2026-07-31T12:58:29","guid":{"rendered":"https:\/\/codigopoliticopy.com\/?p=6682"},"modified":"2026-07-31T09:58:29","modified_gmt":"2026-07-31T12:58:29","slug":"chase-le-baja-el-pulgar-al-plra-el-llanto-nomas-no-sirve-para-nada-y-defiende-el-peso-de-la-mayoria-oficialista","status":"publish","type":"post","link":"https:\/\/codigopoliticopy.com\/?p=6682","title":{"rendered":"\u00abChase le baja el pulgar al PLRA: &#8216;El llanto nom\u00e1s no sirve para nada&#8217; y defiende el peso de la mayor\u00eda oficialista\u00bb"},"content":{"rendered":"<p>El l\u00edder de la bancada oficialista en el Senado, Natalicio Chase, lanz\u00f3 duras cr\u00edticas contra el Partido Liberal Radical Aut\u00e9ntico (PLRA) por pedir a sus afiliados que retiren sus candidaturas al proceso de selecci\u00f3n del contralor y subcontralor. <!--more-->Para el legislador colorado, la postura constituye \u00abun error pol\u00edtico y administrativo\u00bb, al sostener que el partido no debi\u00f3 participar del proceso si finalmente iba a solicitar que sus postulantes desistieran de competir.<\/p>\n<p>Chase fue m\u00e1s all\u00e1 y cuestion\u00f3 la estrategia pol\u00edtica del principal partido de oposici\u00f3n. \u00abEl llanto nom\u00e1s no sirve para nada\u00bb, afirm\u00f3, al se\u00f1alar que el PLRA deber\u00eda concentrar sus esfuerzos en fortalecer su base electoral para obtener una mayor representaci\u00f3n en el Congreso y, con ello, incrementar su capacidad de influir en las decisiones pol\u00edticas. Asegur\u00f3 adem\u00e1s que el oficialismo actuar\u00e1 conforme al respaldo que recibi\u00f3 en las urnas y que ese es el criterio que prevalecer\u00e1 al momento de definir la integraci\u00f3n de la terna.<\/p>\n<p>El senador adelant\u00f3 que la pr\u00f3xima semana la Comisi\u00f3n de Asuntos Constitucionales emitir\u00e1 el dictamen sobre los postulantes a contralor y subcontralor, tras lo cual el expediente quedar\u00e1 en manos del pleno del Senado. Con ello, la pulseada pol\u00edtica por el control de uno de los \u00f3rganos m\u00e1s sensibles del Estado entra en su etapa decisiva, en medio de un fuerte cruce entre el oficialismo y la oposici\u00f3n.<\/p>\n","protected":false},"excerpt":{"rendered":"<p>El l\u00edder de la bancada oficialista en el Senado, Natalicio Chase, lanz\u00f3 duras cr\u00edticas contra el Partido Liberal Radical Aut\u00e9ntico<\/p>\n","protected":false},"author":2,"featured_media":6683,"comment_status":"open","ping_status":"open","sticky":false,"template":"","format":"standard","meta":{"colormag_page_container_layout":"default_layout","colormag_page_sidebar_layout":"default_layout","_angie_page":false,"_jetpack_newsletter_access":"","_jetpack_dont_email_post_to_subs":false,"_jetpack_newsletter_tier_id":0,"_jetpack_memberships_contains_paywalled_content":false,"page_builder":"","_jetpack_feature_clip_id":0,"_jetpack_memberships_contains_paid_content":false,"footnotes":"","jetpack_publicize_message":"","jetpack_publicize_feature_enabled":true,"jetpack_social_post_already_shared":true,"jetpack_social_options":{"image_generator_settings":{"template":"highway","default_image_id":0,"font":"","enabled":false},"version":2},"jetpack_post_was_ever_published":false},"categories":[1],"tags":[],"class_list":["post-6682","post","type-post","status-publish","format-standard","has-post-thumbnail","hentry","category-uncategorized"],"jetpack_publicize_connections":[],"jetpack_featured_media_url":"https:\/\/codigopoliticopy.com\/wp-content\/uploads\/2026\/07\/natalicio_chase_cp_1.jpg","jetpack_sharing_enabled":true,"_links":{"self":[{"href":"https:\/\/codigopoliticopy.com\/index.php?rest_route=\/wp\/v2\/posts\/6682","targetHints":{"allow":["GET"]}}],"collection":[{"href":"https:\/\/codigopoliticopy.com\/index.php?rest_route=\/wp\/v2\/posts"}],"about":[{"href":"https:\/\/codigopoliticopy.com\/index.php?rest_route=\/wp\/v2\/types\/post"}],"author":[{"embeddable":true,"href":"https:\/\/codigopoliticopy.com\/index.php?rest_route=\/wp\/v2\/users\/2"}],"replies":[{"embeddable":true,"href":"https:\/\/codigopoliticopy.com\/index.php?rest_route=%2Fwp%2Fv2%2Fcomments&post=6682"}],"version-history":[{"count":1,"href":"https:\/\/codigopoliticopy.com\/index.php?rest_route=\/wp\/v2\/posts\/6682\/revisions"}],"predecessor-version":[{"id":6684,"href":"https:\/\/codigopoliticopy.com\/index.php?rest_route=\/wp\/v2\/posts\/6682\/revisions\/6684"}],"wp:featuredmedia":[{"embeddable":true,"href":"https:\/\/codigopoliticopy.com\/index.php?rest_route=\/wp\/v2\/media\/6683"}],"wp:attachment":[{"href":"https:\/\/codigopoliticopy.com\/index.php?rest_route=%2Fwp%2Fv2%2Fmedia&parent=6682"}],"wp:term":[{"taxonomy":"category","embeddable":true,"href":"https:\/\/codigopoliticopy.com\/index.php?rest_route=%2Fwp%2Fv2%2Fcategories&post=6682"},{"taxonomy":"post_tag","embeddable":true,"href":"https:\/\/codigopoliticopy.com\/index.php?rest_route=%2Fwp%2Fv2%2Ftags&post=6682"}],"curies":[{"name":"wp","href":"https:\/\/api.w.org\/{rel}","templated":true}]}}