{"id":6692,"date":"2026-08-03T18:03:55","date_gmt":"2026-08-03T21:03:55","guid":{"rendered":"https:\/\/codigopoliticopy.com\/?p=6692"},"modified":"2026-08-03T18:03:55","modified_gmt":"2026-08-03T21:03:55","slug":"latorre-reafirma-su-respaldo-a-alliana-y-asegura-que-acompanara-la-decision-sobre-la-dupla-presidencial","status":"publish","type":"post","link":"https:\/\/codigopoliticopy.com\/?p=6692","title":{"rendered":"Latorre reafirma su respaldo a Alliana y asegura que acompa\u00f1ar\u00e1 la decisi\u00f3n sobre la dupla presidencial"},"content":{"rendered":"<p>El presidente de la C\u00e1mara de Diputados, Ra\u00fal Latorre, descart\u00f3 formar parte de una puja para integrar una eventual dupla presidencial con el vicepresidente Pedro Alliana y ratific\u00f3 su compromiso con el Movimiento Honor Colorado y con las prioridades que actualmente concentra su gesti\u00f3n.<\/p>\n<p>\u00abYo nunca estuve en ninguna puja. Yo soy hombre de equipo y mi respuesta siempre es la misma. Hoy tengo tres prioridades: mi familia, mi gesti\u00f3n de la C\u00e1mara de Diputados y los trabajos de la Lista 1, en este caso la candidatura del compa\u00f1ero Camilo P\u00e9rez en Asunci\u00f3n y de todos los candidatos para intendente y concejal alrededor de la Rep\u00fablica\u00bb, expres\u00f3.<!--more--><br \/>\nEn ese sentido, sostuvo que continuar\u00e1 acompa\u00f1ando las decisiones del movimiento. \u00abTengo 14 a\u00f1os en el Movimiento Honor Colorado, pretendo seguir en el movimiento y voy a estar donde me toque\u00bb, afirm\u00f3.<\/p>\n<p>Consultado sobre las versiones de una supuesta preferencia de Pedro \u00abMangui\u00bb Alliana por el ministro de Urbanismo, Juan Carlos Baruja, como eventual compa\u00f1ero de f\u00f3rmula, Ra\u00fal Latorre asegur\u00f3 que no existe ning\u00fan malestar de su parte.<br \/>\nAsimismo, remarc\u00f3: \u00abCuando me preguntaban sobre esta situaci\u00f3n, mi respuesta siempre fue la misma. Voy a acompa\u00f1ar a la dupla del movimiento encabezada por el compa\u00f1ero Alliana. Estoy convencido de su candidatura y de que \u00e9l tiene que tener la potestad de elegir a su dupla\u00bb.<\/p>\n<p>\u00abNosotros siempre hablamos de que ten\u00edamos que dar la potestad al compa\u00f1ero vicepresidente de la Rep\u00fablica, que es el candidato del movimiento, para elegir su dupla. Siempre le dije que, cualquiera sea la decisi\u00f3n que tome, mis amigos y yo lo vamos a acompa\u00f1ar\u00bb, concluy\u00f3.<\/p>\n","protected":false},"excerpt":{"rendered":"<p>El presidente de la C\u00e1mara de Diputados, Ra\u00fal Latorre, descart\u00f3 formar parte de una puja para integrar una eventual dupla<\/p>\n","protected":false},"author":2,"featured_media":6693,"comment_status":"open","ping_status":"open","sticky":false,"template":"","format":"standard","meta":{"colormag_page_container_layout":"default_layout","colormag_page_sidebar_layout":"default_layout","_angie_page":false,"_jetpack_newsletter_access":"","_jetpack_dont_email_post_to_subs":false,"_jetpack_newsletter_tier_id":0,"_jetpack_memberships_contains_paywalled_content":false,"page_builder":"","_jetpack_feature_clip_id":0,"_jetpack_memberships_contains_paid_content":false,"footnotes":"","jetpack_publicize_message":"","jetpack_publicize_feature_enabled":true,"jetpack_social_post_already_shared":true,"jetpack_social_options":{"image_generator_settings":{"template":"highway","default_image_id":0,"font":"","enabled":false},"version":2},"jetpack_post_was_ever_published":false},"categories":[89,5],"tags":[],"class_list":["post-6692","post","type-post","status-publish","format-standard","has-post-thumbnail","hentry","category-noticias-destacadas","category-mapa-politico"],"jetpack_publicize_connections":[],"jetpack_featured_media_url":"https:\/\/codigopoliticopy.com\/wp-content\/uploads\/2026\/08\/latorre_alliana_dupla.jpg","jetpack_sharing_enabled":true,"_links":{"self":[{"href":"https:\/\/codigopoliticopy.com\/index.php?rest_route=\/wp\/v2\/posts\/6692","targetHints":{"allow":["GET"]}}],"collection":[{"href":"https:\/\/codigopoliticopy.com\/index.php?rest_route=\/wp\/v2\/posts"}],"about":[{"href":"https:\/\/codigopoliticopy.com\/index.php?rest_route=\/wp\/v2\/types\/post"}],"author":[{"embeddable":true,"href":"https:\/\/codigopoliticopy.com\/index.php?rest_route=\/wp\/v2\/users\/2"}],"replies":[{"embeddable":true,"href":"https:\/\/codigopoliticopy.com\/index.php?rest_route=%2Fwp%2Fv2%2Fcomments&post=6692"}],"version-history":[{"count":1,"href":"https:\/\/codigopoliticopy.com\/index.php?rest_route=\/wp\/v2\/posts\/6692\/revisions"}],"predecessor-version":[{"id":6694,"href":"https:\/\/codigopoliticopy.com\/index.php?rest_route=\/wp\/v2\/posts\/6692\/revisions\/6694"}],"wp:featuredmedia":[{"embeddable":true,"href":"https:\/\/codigopoliticopy.com\/index.php?rest_route=\/wp\/v2\/media\/6693"}],"wp:attachment":[{"href":"https:\/\/codigopoliticopy.com\/index.php?rest_route=%2Fwp%2Fv2%2Fmedia&parent=6692"}],"wp:term":[{"taxonomy":"category","embeddable":true,"href":"https:\/\/codigopoliticopy.com\/index.php?rest_route=%2Fwp%2Fv2%2Fcategories&post=6692"},{"taxonomy":"post_tag","embeddable":true,"href":"https:\/\/codigopoliticopy.com\/index.php?rest_route=%2Fwp%2Fv2%2Ftags&post=6692"}],"curies":[{"name":"wp","href":"https:\/\/api.w.org\/{rel}","templated":true}]}}