{"id":6720,"date":"2026-08-07T09:18:26","date_gmt":"2026-08-07T12:18:26","guid":{"rendered":"https:\/\/codigopoliticopy.com\/?p=6720"},"modified":"2026-08-07T09:18:26","modified_gmt":"2026-08-07T12:18:26","slug":"alliana-fulmina-a-prieto-tiene-46-denuncias-y-no-le-tengo-miedo","status":"publish","type":"post","link":"https:\/\/codigopoliticopy.com\/?p=6720","title":{"rendered":"Alliana fulmina a Prieto: \u201cTiene 46 denuncias y no le tengo miedo\u201d"},"content":{"rendered":"<p>El vicepresidente Pedro Alliana elev\u00f3 la tensi\u00f3n pol\u00edtica al responder sin filtros a Miguel Prieto, quien lo hab\u00eda acusado de influir sobre jueces y fiscales por temor a una eventual candidatura presidencial. El n\u00famero dos del Ejecutivo rechaz\u00f3 de plano las acusaciones y asegur\u00f3 que ni siquiera conoce al intendente de Ciudad del Este ni a las autoridades judiciales que llevan su causa. \u00abNo le tengo miedo; al \u00fanico que le tengo miedo es a Dios\u00bb, dispar\u00f3.<!--more--><\/p>\n<p>Lejos de quedarse en la defensa, Alliana contraatac\u00f3 poniendo el foco en la situaci\u00f3n judicial de Prieto. Record\u00f3 que enfrenta 46 denuncias por presuntas irregularidades y afirm\u00f3 que la mayor\u00eda fueron promovidas por exaliados y exfuncionarios de su propia administraci\u00f3n, no por adversarios pol\u00edticos.<\/p>\n<p>Adem\u00e1s, minimiz\u00f3 su peso electoral al sostener que prefiere competir con candidatos de mayor trayectoria. \u00abSi lo voy a ganar, lo voy a ganar en la cancha\u00bb, sentenci\u00f3, convirtiendo el cruce con Prieto en un nuevo cap\u00edtulo de la disputa pol\u00edtica rumbo a las pr\u00f3ximas elecciones.<\/p>\n","protected":false},"excerpt":{"rendered":"<p>El vicepresidente Pedro Alliana elev\u00f3 la tensi\u00f3n pol\u00edtica al responder sin filtros a Miguel Prieto, quien lo hab\u00eda acusado de<\/p>\n","protected":false},"author":2,"featured_media":6721,"comment_status":"open","ping_status":"open","sticky":false,"template":"","format":"standard","meta":{"colormag_page_container_layout":"default_layout","colormag_page_sidebar_layout":"default_layout","_angie_page":false,"_jetpack_newsletter_access":"","_jetpack_dont_email_post_to_subs":false,"_jetpack_newsletter_tier_id":0,"_jetpack_memberships_contains_paywalled_content":false,"page_builder":"","_jetpack_feature_clip_id":0,"_jetpack_memberships_contains_paid_content":false,"footnotes":"","jetpack_publicize_message":"","jetpack_publicize_feature_enabled":true,"jetpack_social_post_already_shared":true,"jetpack_social_options":{"image_generator_settings":{"template":"highway","default_image_id":0,"font":"","enabled":false},"version":2},"jetpack_post_was_ever_published":false},"categories":[89,5],"tags":[],"class_list":["post-6720","post","type-post","status-publish","format-standard","has-post-thumbnail","hentry","category-noticias-destacadas","category-mapa-politico"],"jetpack_publicize_connections":[],"jetpack_featured_media_url":"https:\/\/codigopoliticopy.com\/wp-content\/uploads\/2026\/08\/pedro_alliana_2.jpg","jetpack_sharing_enabled":true,"_links":{"self":[{"href":"https:\/\/codigopoliticopy.com\/index.php?rest_route=\/wp\/v2\/posts\/6720","targetHints":{"allow":["GET"]}}],"collection":[{"href":"https:\/\/codigopoliticopy.com\/index.php?rest_route=\/wp\/v2\/posts"}],"about":[{"href":"https:\/\/codigopoliticopy.com\/index.php?rest_route=\/wp\/v2\/types\/post"}],"author":[{"embeddable":true,"href":"https:\/\/codigopoliticopy.com\/index.php?rest_route=\/wp\/v2\/users\/2"}],"replies":[{"embeddable":true,"href":"https:\/\/codigopoliticopy.com\/index.php?rest_route=%2Fwp%2Fv2%2Fcomments&post=6720"}],"version-history":[{"count":1,"href":"https:\/\/codigopoliticopy.com\/index.php?rest_route=\/wp\/v2\/posts\/6720\/revisions"}],"predecessor-version":[{"id":6722,"href":"https:\/\/codigopoliticopy.com\/index.php?rest_route=\/wp\/v2\/posts\/6720\/revisions\/6722"}],"wp:featuredmedia":[{"embeddable":true,"href":"https:\/\/codigopoliticopy.com\/index.php?rest_route=\/wp\/v2\/media\/6721"}],"wp:attachment":[{"href":"https:\/\/codigopoliticopy.com\/index.php?rest_route=%2Fwp%2Fv2%2Fmedia&parent=6720"}],"wp:term":[{"taxonomy":"category","embeddable":true,"href":"https:\/\/codigopoliticopy.com\/index.php?rest_route=%2Fwp%2Fv2%2Fcategories&post=6720"},{"taxonomy":"post_tag","embeddable":true,"href":"https:\/\/codigopoliticopy.com\/index.php?rest_route=%2Fwp%2Fv2%2Ftags&post=6720"}],"curies":[{"name":"wp","href":"https:\/\/api.w.org\/{rel}","templated":true}]}}