{"id":6725,"date":"2026-08-07T20:00:37","date_gmt":"2026-08-07T23:00:37","guid":{"rendered":"https:\/\/codigopoliticopy.com\/?p=6725"},"modified":"2026-08-07T20:00:37","modified_gmt":"2026-08-07T23:00:37","slug":"caso-tania-irun-fiscalia-y-querella-cierran-alegatos-con-contundentes-pruebas-y-exigen-su-condena","status":"publish","type":"post","link":"https:\/\/codigopoliticopy.com\/?p=6725","title":{"rendered":"Caso Tania Ir\u00fan: Fiscal\u00eda y querella cierran alegatos con contundentes pruebas y exigen su condena"},"content":{"rendered":"<p>Tanto el Ministerio P\u00fablico como la querella adhesiva ratificaron su postura acusatoria contra la exjueza en lo Civil y Comercial, Tania Carolina Rosa Ir\u00fan Ayala. Durante la ronda de alegatos finales ante el Tribunal de Sentencia, ambas representaciones resaltaron la existencia de una \u00abprueba contundente e inequ\u00edvoca\u00bb basada en la producci\u00f3n instrumental que compromete severamente la responsabilidad penal de la exmagistrada.<!--more--><\/p>\n<p>El punto m\u00e1s cr\u00edtico y revelador ventilado en el juicio gira en torno a la fecha del 23 de noviembre de 2018. De acuerdo con las pruebas expuestas por los fiscales y reforzadas por el dictamen en su momento del Ministro de la Sala Penal de la Corte Suprema de Justicia, doctor Manuel de Jes\u00fas Ram\u00edrez Candia, Tania Ir\u00fan no se encontraba formalmente habilitada para estampar su firma en ninguna resoluci\u00f3n judicial.<\/p>\n<p>La exjueza se encontraba usufructuando su licencia legal por maternidad. Seg\u00fan los acusadores, esta situaci\u00f3n f\u00e1ctica supuestamente demuestra el dolo de la magistrada, quien acudi\u00f3 a su despacho interrumpiendo su reposo y abandonando a su hijo lactante con el \u00fanico prop\u00f3sito de emitir la pol\u00e9mica Sentencia Definitiva (S.D.) N\u00b0 494,segun expuso el abogado Francisco de Vargas, representante de la Asociacion Espiritu Santo para la Unificaci\u00f3n del Cristianismo Mundial.<\/p>\n<p>De Vargas, ex Fiscal Antidrogas y ex Ministro del Interior, ejerce la querella adhesiva en representaci\u00f3n de la organizaci\u00f3n civil. Este enfatiz\u00f3 que la resoluci\u00f3n dictada por la exjueza vulner\u00f3 abiertamente los art\u00edculos 2, 4, 8 y concordantes de la Ley N\u00b0 2532\/05 de Seguridad Fronteriza.<br \/>\nCon este fallo presuntamente irregular, se propici\u00f3 la entrega de 310.000 hect\u00e1reas de tierras ubicadas en la zona de protecci\u00f3n de Alto Paraguay a empresas extranjeras presuntamente de malet\u00edn (Cusabo Limited, Kyveloria Limited, Firstar Investments y Elite Kingdom Investments), omitiendo verificar los estatutos y la nacionalidad de sus verdaderos accionistas.<\/p>\n<p>La querella recalc\u00f3 que el voto del ministro Ram\u00edrez Candia, emitido ante el Jurado de Enjuiciamiento de Magistrados, no deja lugar a dudas sobre el delito cometido por Ir\u00fan. Se record\u00f3 adem\u00e1s que el mal desempe\u00f1o ya hab\u00eda provocado la destituci\u00f3n de la jueza por parte del JEM, una resoluci\u00f3n que a su vez qued\u00f3 firme tras ser ratificada un\u00e1nimemente por los nueve Ministros de la Corte Suprema de Justicia.<\/p>\n<p>Debido a la gravedad de los hechos y bajo el argumento de que el prevaricato en su modalidad agravada es un delito de mera actividad, el abogado De Vargas solicit\u00f3 formalmente la pena de seis a\u00f1os de c\u00e1rcel para Tania Ir\u00fan. Por su parte, la Unidad de Delitos Econ\u00f3micos de la Fiscal\u00eda, representada por los agentes Christian Ben\u00edtez y Silvia Gonz\u00e1lez, solicit\u00f3 una sanci\u00f3n penal de tres a\u00f1os de prisi\u00f3n.<br \/>\nTanto para el Ministerio P\u00fablico como para la querella, el grado de reprochabilidad es tan alto que ya no existen dudas de que la exjueza ser\u00e1 condenada.<\/p>\n<p>El Tribunal de Sentencia, presidido por la jueza Rossana Maldonado e integrado por Lourdes Garcete y Juan Francisco Ortiz, cit\u00f3 a las partes para continuar el juzgamiento con las r\u00e9plicas y d\u00faplicas el pr\u00f3ximo martes 11 de agosto a las 13:00 horas. Cumplido ese paso t\u00e9cnico, los magistrados ingresar\u00e1n a deliberar, por lo que ese mismo d\u00eda quedar\u00e1 definido el quantum (la cantidad de a\u00f1os) de la pena que deber\u00e1 purgar la acusada.<\/p>\n","protected":false},"excerpt":{"rendered":"<p>Tanto el Ministerio P\u00fablico como la querella adhesiva ratificaron su postura acusatoria contra la exjueza en lo Civil y Comercial,<\/p>\n","protected":false},"author":2,"featured_media":6726,"comment_status":"open","ping_status":"open","sticky":false,"template":"","format":"standard","meta":{"colormag_page_container_layout":"default_layout","colormag_page_sidebar_layout":"default_layout","_angie_page":false,"_jetpack_newsletter_access":"","_jetpack_dont_email_post_to_subs":false,"_jetpack_newsletter_tier_id":0,"_jetpack_memberships_contains_paywalled_content":false,"page_builder":"","_jetpack_feature_clip_id":0,"_jetpack_memberships_contains_paid_content":false,"footnotes":"","jetpack_publicize_message":"","jetpack_publicize_feature_enabled":true,"jetpack_social_post_already_shared":true,"jetpack_social_options":{"image_generator_settings":{"template":"highway","default_image_id":0,"font":"","enabled":false},"version":2},"jetpack_post_was_ever_published":false},"categories":[89,5],"tags":[],"class_list":["post-6725","post","type-post","status-publish","format-standard","has-post-thumbnail","hentry","category-noticias-destacadas","category-mapa-politico"],"jetpack_publicize_connections":[],"jetpack_featured_media_url":"https:\/\/codigopoliticopy.com\/wp-content\/uploads\/2026\/08\/informe_07_08_cp.jpg","jetpack_sharing_enabled":true,"_links":{"self":[{"href":"https:\/\/codigopoliticopy.com\/index.php?rest_route=\/wp\/v2\/posts\/6725","targetHints":{"allow":["GET"]}}],"collection":[{"href":"https:\/\/codigopoliticopy.com\/index.php?rest_route=\/wp\/v2\/posts"}],"about":[{"href":"https:\/\/codigopoliticopy.com\/index.php?rest_route=\/wp\/v2\/types\/post"}],"author":[{"embeddable":true,"href":"https:\/\/codigopoliticopy.com\/index.php?rest_route=\/wp\/v2\/users\/2"}],"replies":[{"embeddable":true,"href":"https:\/\/codigopoliticopy.com\/index.php?rest_route=%2Fwp%2Fv2%2Fcomments&post=6725"}],"version-history":[{"count":1,"href":"https:\/\/codigopoliticopy.com\/index.php?rest_route=\/wp\/v2\/posts\/6725\/revisions"}],"predecessor-version":[{"id":6727,"href":"https:\/\/codigopoliticopy.com\/index.php?rest_route=\/wp\/v2\/posts\/6725\/revisions\/6727"}],"wp:featuredmedia":[{"embeddable":true,"href":"https:\/\/codigopoliticopy.com\/index.php?rest_route=\/wp\/v2\/media\/6726"}],"wp:attachment":[{"href":"https:\/\/codigopoliticopy.com\/index.php?rest_route=%2Fwp%2Fv2%2Fmedia&parent=6725"}],"wp:term":[{"taxonomy":"category","embeddable":true,"href":"https:\/\/codigopoliticopy.com\/index.php?rest_route=%2Fwp%2Fv2%2Fcategories&post=6725"},{"taxonomy":"post_tag","embeddable":true,"href":"https:\/\/codigopoliticopy.com\/index.php?rest_route=%2Fwp%2Fv2%2Ftags&post=6725"}],"curies":[{"name":"wp","href":"https:\/\/api.w.org\/{rel}","templated":true}]}}