{"id":6733,"date":"2026-08-10T07:30:06","date_gmt":"2026-08-10T10:30:06","guid":{"rendered":"https:\/\/codigopoliticopy.com\/?p=6733"},"modified":"2026-08-10T07:34:47","modified_gmt":"2026-08-10T10:34:47","slug":"juicio-a-hernan-rivas-pone-bajo-la-lupa-su-paso-por-el-jurado-de-enjuiciamiento-de-magistrados","status":"publish","type":"post","link":"https:\/\/codigopoliticopy.com\/?p=6733","title":{"rendered":"Juicio a Hern\u00e1n Rivas pone bajo la lupa su paso por el Jurado de Enjuiciamiento de Magistrados"},"content":{"rendered":"<p>El exsenador Hern\u00e1n Rivas comparecer\u00e1 este lunes ante un Tribunal de Sentencia para el inicio del juicio oral y p\u00fablico en la causa que lo investiga por los supuestos hechos punibles de producci\u00f3n mediata y uso de documentos p\u00fablicos de contenido falso.<!--more--><\/p>\n<p>La acusaci\u00f3n del Ministerio P\u00fablico sostiene que Rivas habr\u00eda presentado un t\u00edtulo universitario presuntamente falso para acreditar su condici\u00f3n de abogado, requisito indispensable para integrar el Jurado de Enjuiciamiento de Magistrados (JEM).<\/p>\n<p>El proceso judicial trasciende el \u00e1mbito penal, ya que una eventual condena o la comprobaci\u00f3n de que el exlegislador no cumpl\u00eda con los requisitos legales para integrar el \u00f3rgano extrapoder podr\u00eda reactivar el debate sobre el alcance jur\u00eddico de las resoluciones adoptadas durante su gesti\u00f3n.<\/p>\n<p>Rivas no solo integr\u00f3 el JEM como representante del Congreso, sino que tambi\u00e9n lleg\u00f3 a ejercer la presidencia del organismo, participando en decisiones relacionadas con magistrados, fiscales y defensores p\u00fablicos.<\/p>\n<p>El caso volvi\u00f3 a cobrar notoriedad luego de que la Justicia hiciera lugar a un amparo promovido en el marco de la Ley de Acceso a la Informaci\u00f3n P\u00fablica y ordenara al Jurado de Enjuiciamiento de Magistrados entregar las resoluciones firmadas por el exsenador durante su permanencia en la instituci\u00f3n.<\/p>\n<p>Si bien especialistas sostienen que una eventual condena no implica autom\u00e1ticamente la nulidad de todas las decisiones adoptadas por el JEM, coinciden en que el juicio podr\u00eda abrir una discusi\u00f3n jur\u00eddica sobre la validez de aquellos actos en los que intervino Rivas, cuesti\u00f3n que, en su caso, deber\u00eda analizarse individualmente por los tribunales competentes.<\/p>\n<p>Con el inicio del juicio, uno de los casos de mayor repercusi\u00f3n institucional de los \u00faltimos a\u00f1os entra en su etapa decisiva, no solo por la eventual responsabilidad penal del exsenador, sino tambi\u00e9n por las consecuencias que podr\u00eda tener sobre la credibilidad y las actuaciones del \u00f3rgano encargado del enjuiciamiento de magistrados.<\/p>\n","protected":false},"excerpt":{"rendered":"<p>El exsenador Hern\u00e1n Rivas comparecer\u00e1 este lunes ante un Tribunal de Sentencia para el inicio del juicio oral y p\u00fablico<\/p>\n","protected":false},"author":2,"featured_media":6662,"comment_status":"open","ping_status":"open","sticky":false,"template":"","format":"standard","meta":{"colormag_page_container_layout":"default_layout","colormag_page_sidebar_layout":"default_layout","_angie_page":false,"_jetpack_newsletter_access":"","_jetpack_dont_email_post_to_subs":false,"_jetpack_newsletter_tier_id":0,"_jetpack_memberships_contains_paywalled_content":false,"page_builder":"","_jetpack_feature_clip_id":0,"_jetpack_memberships_contains_paid_content":false,"footnotes":"","jetpack_publicize_message":"","jetpack_publicize_feature_enabled":true,"jetpack_social_post_already_shared":true,"jetpack_social_options":{"image_generator_settings":{"template":"highway","default_image_id":0,"font":"","enabled":false},"version":2},"jetpack_post_was_ever_published":false},"categories":[5,89],"tags":[],"class_list":["post-6733","post","type-post","status-publish","format-standard","has-post-thumbnail","hentry","category-mapa-politico","category-noticias-destacadas"],"jetpack_publicize_connections":[],"jetpack_featured_media_url":"https:\/\/codigopoliticopy.com\/wp-content\/uploads\/2026\/07\/hernan_rivas.png","jetpack_sharing_enabled":true,"_links":{"self":[{"href":"https:\/\/codigopoliticopy.com\/index.php?rest_route=\/wp\/v2\/posts\/6733","targetHints":{"allow":["GET"]}}],"collection":[{"href":"https:\/\/codigopoliticopy.com\/index.php?rest_route=\/wp\/v2\/posts"}],"about":[{"href":"https:\/\/codigopoliticopy.com\/index.php?rest_route=\/wp\/v2\/types\/post"}],"author":[{"embeddable":true,"href":"https:\/\/codigopoliticopy.com\/index.php?rest_route=\/wp\/v2\/users\/2"}],"replies":[{"embeddable":true,"href":"https:\/\/codigopoliticopy.com\/index.php?rest_route=%2Fwp%2Fv2%2Fcomments&post=6733"}],"version-history":[{"count":2,"href":"https:\/\/codigopoliticopy.com\/index.php?rest_route=\/wp\/v2\/posts\/6733\/revisions"}],"predecessor-version":[{"id":6735,"href":"https:\/\/codigopoliticopy.com\/index.php?rest_route=\/wp\/v2\/posts\/6733\/revisions\/6735"}],"wp:featuredmedia":[{"embeddable":true,"href":"https:\/\/codigopoliticopy.com\/index.php?rest_route=\/wp\/v2\/media\/6662"}],"wp:attachment":[{"href":"https:\/\/codigopoliticopy.com\/index.php?rest_route=%2Fwp%2Fv2%2Fmedia&parent=6733"}],"wp:term":[{"taxonomy":"category","embeddable":true,"href":"https:\/\/codigopoliticopy.com\/index.php?rest_route=%2Fwp%2Fv2%2Fcategories&post=6733"},{"taxonomy":"post_tag","embeddable":true,"href":"https:\/\/codigopoliticopy.com\/index.php?rest_route=%2Fwp%2Fv2%2Ftags&post=6733"}],"curies":[{"name":"wp","href":"https:\/\/api.w.org\/{rel}","templated":true}]}}