{"id":6756,"date":"2026-08-11T08:20:54","date_gmt":"2026-08-11T11:20:54","guid":{"rendered":"https:\/\/codigopoliticopy.com\/?p=6756"},"modified":"2026-08-11T08:20:54","modified_gmt":"2026-08-11T11:20:54","slug":"juicio-a-hernan-rivas-en-debate-el-supuesto-titulo-falso-de-abogado","status":"publish","type":"post","link":"https:\/\/codigopoliticopy.com\/?p=6756","title":{"rendered":"Juicio a Hern\u00e1n Rivas: En debate el supuesto \u00abt\u00edtulo falso\u00bb de abogado"},"content":{"rendered":"<p>El juicio oral y p\u00fablico contra el exsenador Hern\u00e1n Rivas comenz\u00f3 ayer lunes ante el Tribunal de Sentencia integrado por Mar\u00eda Fernanda Garc\u00eda de Z\u00fa\u00f1iga, Yolanda Portillo y Juan Carlos Z\u00e1rate.<!--more--><\/p>\n<p>Rivas enfrenta acusaci\u00f3n por producci\u00f3n mediata y uso de documentos p\u00fablicos de contenido falso, a ra\u00edz del t\u00edtulo de abogado expedido por la Universidad Sudamericana que, seg\u00fan la Fiscal\u00eda, habr\u00eda utilizado para obtener su matr\u00edcula profesional y acceder como representante de la C\u00e1mara de Diputados al Jurado de Enjuiciamiento de Magistrados (JEM).<\/p>\n<p>Durante la primera jornada se inici\u00f3 la exposici\u00f3n de las partes y el an\u00e1lisis de las pruebas que forman parte de una causa que cuenta con una extensa lista de testigos, entre ellos figuras pol\u00edticas como Ra\u00fal Latorre y Kattya Gonz\u00e1lez. La acusaci\u00f3n es sostenida por las fiscales Patricia S\u00e1nchez y Luz Guerrero, quienes aseguran que Rivas utiliz\u00f3 certificados y documentos cuyo contenido no se correspond\u00eda con la realidad, t\u00edtulo que sirvi\u00f3 para que el ex senador represente a la c\u00e1mara ante el Jurado de Enjuiciamiento de Magistrados, donde ocup\u00f3 incluso el cargo de presidente.<\/p>\n<p>El juicio continuar\u00e1 con la producci\u00f3n de las pruebas documentales y testimoniales ofrecidas por las partes, hasta avanzar hacia los alegatos finales y la sentencia. La causa llega a esta instancia luego de que la Sala Penal de la Corte Suprema anulara el sobreseimiento definitivo que hab\u00eda favorecido a Rivas y ordenara que el caso sea debatido en juicio oral por ambos hechos punibles incluidos en la acusaci\u00f3n fiscal.<\/p>\n","protected":false},"excerpt":{"rendered":"<p>El juicio oral y p\u00fablico contra el exsenador Hern\u00e1n Rivas comenz\u00f3 ayer lunes ante el Tribunal de Sentencia integrado por<\/p>\n","protected":false},"author":2,"featured_media":6662,"comment_status":"open","ping_status":"open","sticky":false,"template":"","format":"standard","meta":{"colormag_page_container_layout":"default_layout","colormag_page_sidebar_layout":"default_layout","_angie_page":false,"_jetpack_newsletter_access":"","_jetpack_dont_email_post_to_subs":false,"_jetpack_newsletter_tier_id":0,"_jetpack_memberships_contains_paywalled_content":false,"page_builder":"","_jetpack_feature_clip_id":0,"_jetpack_memberships_contains_paid_content":false,"footnotes":"","jetpack_publicize_message":"","jetpack_publicize_feature_enabled":true,"jetpack_social_post_already_shared":true,"jetpack_social_options":{"image_generator_settings":{"template":"highway","default_image_id":0,"font":"","enabled":false},"version":2},"jetpack_post_was_ever_published":false},"categories":[5,89],"tags":[],"class_list":["post-6756","post","type-post","status-publish","format-standard","has-post-thumbnail","hentry","category-mapa-politico","category-noticias-destacadas"],"jetpack_publicize_connections":[],"jetpack_featured_media_url":"https:\/\/codigopoliticopy.com\/wp-content\/uploads\/2026\/07\/hernan_rivas.png","jetpack_sharing_enabled":true,"_links":{"self":[{"href":"https:\/\/codigopoliticopy.com\/index.php?rest_route=\/wp\/v2\/posts\/6756","targetHints":{"allow":["GET"]}}],"collection":[{"href":"https:\/\/codigopoliticopy.com\/index.php?rest_route=\/wp\/v2\/posts"}],"about":[{"href":"https:\/\/codigopoliticopy.com\/index.php?rest_route=\/wp\/v2\/types\/post"}],"author":[{"embeddable":true,"href":"https:\/\/codigopoliticopy.com\/index.php?rest_route=\/wp\/v2\/users\/2"}],"replies":[{"embeddable":true,"href":"https:\/\/codigopoliticopy.com\/index.php?rest_route=%2Fwp%2Fv2%2Fcomments&post=6756"}],"version-history":[{"count":1,"href":"https:\/\/codigopoliticopy.com\/index.php?rest_route=\/wp\/v2\/posts\/6756\/revisions"}],"predecessor-version":[{"id":6757,"href":"https:\/\/codigopoliticopy.com\/index.php?rest_route=\/wp\/v2\/posts\/6756\/revisions\/6757"}],"wp:featuredmedia":[{"embeddable":true,"href":"https:\/\/codigopoliticopy.com\/index.php?rest_route=\/wp\/v2\/media\/6662"}],"wp:attachment":[{"href":"https:\/\/codigopoliticopy.com\/index.php?rest_route=%2Fwp%2Fv2%2Fmedia&parent=6756"}],"wp:term":[{"taxonomy":"category","embeddable":true,"href":"https:\/\/codigopoliticopy.com\/index.php?rest_route=%2Fwp%2Fv2%2Fcategories&post=6756"},{"taxonomy":"post_tag","embeddable":true,"href":"https:\/\/codigopoliticopy.com\/index.php?rest_route=%2Fwp%2Fv2%2Ftags&post=6756"}],"curies":[{"name":"wp","href":"https:\/\/api.w.org\/{rel}","templated":true}]}}