{"id":6766,"date":"2026-08-12T06:52:30","date_gmt":"2026-08-12T09:52:30","guid":{"rendered":"https:\/\/codigopoliticopy.com\/?p=6766"},"modified":"2026-08-12T06:52:30","modified_gmt":"2026-08-12T09:52:30","slug":"wiens-contraataca-herede-una-obra-inviable-y-no-me-van-a-doblar","status":"publish","type":"post","link":"https:\/\/codigopoliticopy.com\/?p=6766","title":{"rendered":"Wiens contraataca: \u201cHered\u00e9 una obra inviable y no me van a doblar\u201d"},"content":{"rendered":"<p>El precandidato presidencial Arnoldo Wiens sali\u00f3 al paso de la acusaci\u00f3n fiscal por el caso Metrob\u00fas y lanz\u00f3 duras cr\u00edticas contra el Ministerio P\u00fablico. El exministro de Obras P\u00fablicas defendi\u00f3 la decisi\u00f3n de terminar el contrato con Mota-Engil y sostuvo que actu\u00f3 dentro del marco legal.<\/p>\n<p>En un comunicado difundido este mi\u00e9rcoles, Wiens record\u00f3 que un laudo de la Corte Permanente de Arbitraje, emitido en diciembre de 2023, concluy\u00f3 que el proyecto fue licitado sobre un catastro err\u00f3neo y que existieron problemas con el acceso a las obras y la liberaci\u00f3n de la franja de dominio. Seg\u00fan el dirigente colorado, estas dificultades se arrastraban desde antes de su gesti\u00f3n.<\/p>\n<p>Wiens sostuvo que el contrato fue terminado porque Mota-Engil no renov\u00f3 la garant\u00eda de cumplimiento y calific\u00f3 su decisi\u00f3n como \u201cabsolutamente legal\u201d. \u201cHered\u00e9 una obra inviable\u201d, afirm\u00f3, en un claro intento por separar su gesti\u00f3n de las fallas que marcaron el cuestionado proyecto.<\/p>\n<p>El precandidato tambi\u00e9n arremeti\u00f3 contra los fiscales que lo acusaron. Cuestion\u00f3 que quienes, seg\u00fan \u00e9l, condujeron la etapa anterior del proyecto hayan sido sobrese\u00eddos mientras \u00e9l enfrenta una acusaci\u00f3n. \u201cEs un chiste\u201d, dispar\u00f3.<\/p>\n<p>Con un tono marcadamente pol\u00edtico, Wiens cerr\u00f3 su comunicado denunciando una supuesta situaci\u00f3n de \u201cinjusticia\u201d y apuntando contra el Ministerio P\u00fablico y otros actores institucionales. \u201cPero no me van a doblar\u201d, sentenci\u00f3, en una se\u00f1al de que pretende convertir la batalla judicial por el Metrob\u00fas tambi\u00e9n en un frente de disputa pol\u00edtica.<\/p>\n","protected":false},"excerpt":{"rendered":"<p>El precandidato presidencial Arnoldo Wiens sali\u00f3 al paso de la acusaci\u00f3n fiscal por el caso Metrob\u00fas y lanz\u00f3 duras cr\u00edticas<\/p>\n","protected":false},"author":2,"featured_media":6767,"comment_status":"open","ping_status":"open","sticky":false,"template":"","format":"standard","meta":{"colormag_page_container_layout":"default_layout","colormag_page_sidebar_layout":"default_layout","_angie_page":false,"_jetpack_newsletter_access":"","_jetpack_dont_email_post_to_subs":false,"_jetpack_newsletter_tier_id":0,"_jetpack_memberships_contains_paywalled_content":false,"page_builder":"","_jetpack_feature_clip_id":0,"_jetpack_memberships_contains_paid_content":false,"footnotes":"","jetpack_publicize_message":"","jetpack_publicize_feature_enabled":true,"jetpack_social_post_already_shared":true,"jetpack_social_options":{"image_generator_settings":{"template":"highway","default_image_id":0,"font":"","enabled":false},"version":2},"jetpack_post_was_ever_published":false},"categories":[89,5],"tags":[],"class_list":["post-6766","post","type-post","status-publish","format-standard","has-post-thumbnail","hentry","category-noticias-destacadas","category-mapa-politico"],"jetpack_publicize_connections":[],"jetpack_featured_media_url":"https:\/\/codigopoliticopy.com\/wp-content\/uploads\/2026\/08\/arnoldo_wiens_1.jpeg","jetpack_sharing_enabled":true,"_links":{"self":[{"href":"https:\/\/codigopoliticopy.com\/index.php?rest_route=\/wp\/v2\/posts\/6766","targetHints":{"allow":["GET"]}}],"collection":[{"href":"https:\/\/codigopoliticopy.com\/index.php?rest_route=\/wp\/v2\/posts"}],"about":[{"href":"https:\/\/codigopoliticopy.com\/index.php?rest_route=\/wp\/v2\/types\/post"}],"author":[{"embeddable":true,"href":"https:\/\/codigopoliticopy.com\/index.php?rest_route=\/wp\/v2\/users\/2"}],"replies":[{"embeddable":true,"href":"https:\/\/codigopoliticopy.com\/index.php?rest_route=%2Fwp%2Fv2%2Fcomments&post=6766"}],"version-history":[{"count":1,"href":"https:\/\/codigopoliticopy.com\/index.php?rest_route=\/wp\/v2\/posts\/6766\/revisions"}],"predecessor-version":[{"id":6768,"href":"https:\/\/codigopoliticopy.com\/index.php?rest_route=\/wp\/v2\/posts\/6766\/revisions\/6768"}],"wp:featuredmedia":[{"embeddable":true,"href":"https:\/\/codigopoliticopy.com\/index.php?rest_route=\/wp\/v2\/media\/6767"}],"wp:attachment":[{"href":"https:\/\/codigopoliticopy.com\/index.php?rest_route=%2Fwp%2Fv2%2Fmedia&parent=6766"}],"wp:term":[{"taxonomy":"category","embeddable":true,"href":"https:\/\/codigopoliticopy.com\/index.php?rest_route=%2Fwp%2Fv2%2Fcategories&post=6766"},{"taxonomy":"post_tag","embeddable":true,"href":"https:\/\/codigopoliticopy.com\/index.php?rest_route=%2Fwp%2Fv2%2Ftags&post=6766"}],"curies":[{"name":"wp","href":"https:\/\/api.w.org\/{rel}","templated":true}]}}