{"id":6776,"date":"2026-08-14T20:26:16","date_gmt":"2026-08-14T23:26:16","guid":{"rendered":"https:\/\/codigopoliticopy.com\/?p=6776"},"modified":"2026-08-14T20:26:51","modified_gmt":"2026-08-14T23:26:51","slug":"gobierno-y-conferencia-episcopal-ponen-el-foco-en-salud-y-sectores-vulnerables","status":"publish","type":"post","link":"https:\/\/codigopoliticopy.com\/?p=6776","title":{"rendered":"Gobierno y Conferencia Episcopal ponen el foco en salud y sectores vulnerables"},"content":{"rendered":"<p>El Gobierno y representantes de la Conferencia Episcopal Paraguaya (CEP) mantuvieron este viernes un encuentro en el Seminario Metropolitano para abordar las principales necesidades sociales del pa\u00eds, con especial \u00e9nfasis en los sectores m\u00e1s vulnerables. La reuni\u00f3n fue planteada como un espacio de escucha mutua para conocer las preocupaciones que la Iglesia recoge desde su presencia en comunidades de todo el territorio nacional.<\/p>\n<p>Durante el encuentro se analizaron cuatro ejes prioritarios: salud, la preparaci\u00f3n ante el fen\u00f3meno de El Ni\u00f1o, el cuidado del medioambiente y la situaci\u00f3n de las comunidades ind\u00edgenas. En materia sanitaria, se puso sobre la mesa la necesidad de garantizar un acceso oportuno y digno a los servicios, mientras que frente a las emergencias clim\u00e1ticas se plante\u00f3 fortalecer la preparaci\u00f3n y coordinaci\u00f3n para asistir a las familias m\u00e1s afectadas.<\/p>\n<p>La situaci\u00f3n de las comunidades ind\u00edgenas tambi\u00e9n ocup\u00f3 un lugar central en las conversaciones. Los representantes de la Iglesia plantearon la necesidad de avanzar en respuestas integrales que mejoren las condiciones de vida de estas poblaciones, respetando su identidad y cultura. Los obispos expresaron adem\u00e1s su preocupaci\u00f3n por las dificultades que enfrentan los sectores m\u00e1s vulnerables para acceder a servicios b\u00e1sicos, especialmente la salud.<\/p>\n<p>Por su parte, representantes del Ejecutivo presentaron avances en distintas \u00e1reas, entre ellos resultados vinculados a seguridad, regularizaci\u00f3n de tierras a trav\u00e9s del Indert, construcci\u00f3n de hospitales y preparaci\u00f3n ante emergencias clim\u00e1ticas. Sin embargo, reconocieron que persisten desaf\u00edos importantes, principalmente en salud y en la atenci\u00f3n integral de las comunidades ind\u00edgenas.<\/p>\n<p>El presidente de la Conferencia Episcopal Paraguaya, monse\u00f1or Pierre Laurent Jubinville, valor\u00f3 el di\u00e1logo y manifest\u00f3 su expectativa de que este tipo de encuentros se convierta en una pr\u00e1ctica permanente para acercar las necesidades de los sectores m\u00e1s vulnerables a quienes tienen la responsabilidad de dise\u00f1ar y ejecutar las pol\u00edticas p\u00fablicas. Ambas partes coincidieron en la importancia de mantener abiertos estos espacios de di\u00e1logo como aporte a la construcci\u00f3n del bien com\u00fan.<\/p>\n","protected":false},"excerpt":{"rendered":"<p>El Gobierno y representantes de la Conferencia Episcopal Paraguaya (CEP) mantuvieron este viernes un encuentro en el Seminario Metropolitano para<\/p>\n","protected":false},"author":2,"featured_media":6777,"comment_status":"open","ping_status":"open","sticky":false,"template":"","format":"standard","meta":{"colormag_page_container_layout":"default_layout","colormag_page_sidebar_layout":"default_layout","_angie_page":false,"_jetpack_newsletter_access":"","_jetpack_dont_email_post_to_subs":false,"_jetpack_newsletter_tier_id":0,"_jetpack_memberships_contains_paywalled_content":false,"page_builder":"","_jetpack_feature_clip_id":0,"_jetpack_memberships_contains_paid_content":false,"footnotes":"","jetpack_publicize_message":"","jetpack_publicize_feature_enabled":true,"jetpack_social_post_already_shared":true,"jetpack_social_options":{"image_generator_settings":{"template":"highway","default_image_id":0,"font":"","enabled":false},"version":2},"jetpack_post_was_ever_published":false},"categories":[89,4],"tags":[],"class_list":["post-6776","post","type-post","status-publish","format-standard","has-post-thumbnail","hentry","category-noticias-destacadas","category-ejecutivo"],"jetpack_publicize_connections":[],"jetpack_featured_media_url":"https:\/\/codigopoliticopy.com\/wp-content\/uploads\/2026\/08\/santi_cep.png","jetpack_sharing_enabled":true,"_links":{"self":[{"href":"https:\/\/codigopoliticopy.com\/index.php?rest_route=\/wp\/v2\/posts\/6776","targetHints":{"allow":["GET"]}}],"collection":[{"href":"https:\/\/codigopoliticopy.com\/index.php?rest_route=\/wp\/v2\/posts"}],"about":[{"href":"https:\/\/codigopoliticopy.com\/index.php?rest_route=\/wp\/v2\/types\/post"}],"author":[{"embeddable":true,"href":"https:\/\/codigopoliticopy.com\/index.php?rest_route=\/wp\/v2\/users\/2"}],"replies":[{"embeddable":true,"href":"https:\/\/codigopoliticopy.com\/index.php?rest_route=%2Fwp%2Fv2%2Fcomments&post=6776"}],"version-history":[{"count":1,"href":"https:\/\/codigopoliticopy.com\/index.php?rest_route=\/wp\/v2\/posts\/6776\/revisions"}],"predecessor-version":[{"id":6778,"href":"https:\/\/codigopoliticopy.com\/index.php?rest_route=\/wp\/v2\/posts\/6776\/revisions\/6778"}],"wp:featuredmedia":[{"embeddable":true,"href":"https:\/\/codigopoliticopy.com\/index.php?rest_route=\/wp\/v2\/media\/6777"}],"wp:attachment":[{"href":"https:\/\/codigopoliticopy.com\/index.php?rest_route=%2Fwp%2Fv2%2Fmedia&parent=6776"}],"wp:term":[{"taxonomy":"category","embeddable":true,"href":"https:\/\/codigopoliticopy.com\/index.php?rest_route=%2Fwp%2Fv2%2Fcategories&post=6776"},{"taxonomy":"post_tag","embeddable":true,"href":"https:\/\/codigopoliticopy.com\/index.php?rest_route=%2Fwp%2Fv2%2Ftags&post=6776"}],"curies":[{"name":"wp","href":"https:\/\/api.w.org\/{rel}","templated":true}]}}