{"id":6790,"date":"2026-08-20T08:13:26","date_gmt":"2026-08-20T11:13:26","guid":{"rendered":"https:\/\/codigopoliticopy.com\/?p=6790"},"modified":"2026-08-20T08:13:26","modified_gmt":"2026-08-20T11:13:26","slug":"baruja-proyecta-a-pena-mas-alla-de-2028-junta-de-la-anr-y-una-posible-banca-en-el-senado","status":"publish","type":"post","link":"https:\/\/codigopoliticopy.com\/?p=6790","title":{"rendered":"Baruja proyecta a Pe\u00f1a m\u00e1s all\u00e1 de 2028: Junta de la ANR y una posible banca en el Senado"},"content":{"rendered":"<p>El ministro de Urbanismo, Vivienda y H\u00e1bitat, Juan Carlos Baruja, abri\u00f3 un nuevo cap\u00edtulo sobre el futuro pol\u00edtico del presidente Santiago Pe\u00f1a al respaldar su intenci\u00f3n de continuar activo en la pol\u00edtica partidaria una vez que finalice su mandato en 2028. El secretario de Estado consider\u00f3 que el mandatario podr\u00eda volver a integrar la Junta de Gobierno de la Asociaci\u00f3n Nacional Republicana (ANR) y, posteriormente, buscar una banca de senador activo.<!--more--><\/p>\n<p>La postura de Baruja se alinea con las recientes declaraciones de Pe\u00f1a, quien confirm\u00f3 que pretende regresar a la Junta de Gobierno al concluir su gesti\u00f3n presidencial. El mandatario tambi\u00e9n manifest\u00f3 su respaldo a una eventual continuidad de Horacio Cartes al frente de la ANR, con lo que deja entrever su intenci\u00f3n de mantener una participaci\u00f3n directa en la estructura partidaria.<\/p>\n<p>Sin embargo, Baruja fue m\u00e1s all\u00e1 al plantear que Pe\u00f1a podr\u00eda aspirar a una senadur\u00eda activa en 2033, en lugar de limitarse a la figura constitucional del senador vitalicio que corresponde a los expresidentes. El ministro argument\u00f3 que quienes ejercieron la Presidencia conservan experiencia y capacidad para seguir contribuyendo a la vida pol\u00edtica nacional.<\/p>\n<p>La propuesta vuelve a instalar el debate sobre el papel que tendr\u00e1 Pe\u00f1a dentro del Partido Colorado despu\u00e9s de 2028 y su eventual influencia en la construcci\u00f3n del escenario electoral posterior. El planteamiento tambi\u00e9n se produce mientras el oficialismo avanza en la definici\u00f3n de su sucesi\u00f3n y el vicepresidente Pedro Alliana aparece como una de las principales figuras con aspiraciones de encabezar la f\u00f3rmula colorada para las pr\u00f3ximas elecciones presidenciales.<\/p>\n","protected":false},"excerpt":{"rendered":"<p>El ministro de Urbanismo, Vivienda y H\u00e1bitat, Juan Carlos Baruja, abri\u00f3 un nuevo cap\u00edtulo sobre el futuro pol\u00edtico del presidente<\/p>\n","protected":false},"author":2,"featured_media":6791,"comment_status":"open","ping_status":"open","sticky":false,"template":"","format":"standard","meta":{"colormag_page_container_layout":"default_layout","colormag_page_sidebar_layout":"default_layout","_angie_page":false,"_jetpack_newsletter_access":"","_jetpack_dont_email_post_to_subs":false,"_jetpack_newsletter_tier_id":0,"_jetpack_memberships_contains_paywalled_content":false,"page_builder":"","_jetpack_feature_clip_id":0,"_jetpack_memberships_contains_paid_content":false,"footnotes":"","jetpack_publicize_message":"","jetpack_publicize_feature_enabled":true,"jetpack_social_post_already_shared":true,"jetpack_social_options":{"image_generator_settings":{"template":"highway","default_image_id":0,"font":"","enabled":false},"version":2},"jetpack_post_was_ever_published":false},"categories":[1],"tags":[],"class_list":["post-6790","post","type-post","status-publish","format-standard","has-post-thumbnail","hentry","category-uncategorized"],"jetpack_publicize_connections":[],"jetpack_featured_media_url":"https:\/\/codigopoliticopy.com\/wp-content\/uploads\/2026\/08\/baruja_santi.jpg","jetpack_sharing_enabled":true,"_links":{"self":[{"href":"https:\/\/codigopoliticopy.com\/index.php?rest_route=\/wp\/v2\/posts\/6790","targetHints":{"allow":["GET"]}}],"collection":[{"href":"https:\/\/codigopoliticopy.com\/index.php?rest_route=\/wp\/v2\/posts"}],"about":[{"href":"https:\/\/codigopoliticopy.com\/index.php?rest_route=\/wp\/v2\/types\/post"}],"author":[{"embeddable":true,"href":"https:\/\/codigopoliticopy.com\/index.php?rest_route=\/wp\/v2\/users\/2"}],"replies":[{"embeddable":true,"href":"https:\/\/codigopoliticopy.com\/index.php?rest_route=%2Fwp%2Fv2%2Fcomments&post=6790"}],"version-history":[{"count":1,"href":"https:\/\/codigopoliticopy.com\/index.php?rest_route=\/wp\/v2\/posts\/6790\/revisions"}],"predecessor-version":[{"id":6792,"href":"https:\/\/codigopoliticopy.com\/index.php?rest_route=\/wp\/v2\/posts\/6790\/revisions\/6792"}],"wp:featuredmedia":[{"embeddable":true,"href":"https:\/\/codigopoliticopy.com\/index.php?rest_route=\/wp\/v2\/media\/6791"}],"wp:attachment":[{"href":"https:\/\/codigopoliticopy.com\/index.php?rest_route=%2Fwp%2Fv2%2Fmedia&parent=6790"}],"wp:term":[{"taxonomy":"category","embeddable":true,"href":"https:\/\/codigopoliticopy.com\/index.php?rest_route=%2Fwp%2Fv2%2Fcategories&post=6790"},{"taxonomy":"post_tag","embeddable":true,"href":"https:\/\/codigopoliticopy.com\/index.php?rest_route=%2Fwp%2Fv2%2Ftags&post=6790"}],"curies":[{"name":"wp","href":"https:\/\/api.w.org\/{rel}","templated":true}]}}