{"id":6793,"date":"2026-08-22T12:37:53","date_gmt":"2026-08-22T15:37:53","guid":{"rendered":"https:\/\/codigopoliticopy.com\/?p=6793"},"modified":"2026-08-22T12:37:53","modified_gmt":"2026-08-22T15:37:53","slug":"alliana-sube-la-apuesta-con-brasil-el-canon-cristiano-debe-volver-a-paraguay","status":"publish","type":"post","link":"https:\/\/codigopoliticopy.com\/?p=6793","title":{"rendered":"Alliana sube la apuesta con Brasil: \u201cEl Ca\u00f1\u00f3n Cristiano debe volver a Paraguay\u201d"},"content":{"rendered":"<p>El vicepresidente Pedro Alliana volvi\u00f3 a poner sobre la mesa una vieja herida hist\u00f3rica entre Paraguay y Brasil: la devoluci\u00f3n del Ca\u00f1\u00f3n Cristiano, el Ca\u00f1\u00f3n Mariscal L\u00f3pez y otros bienes paraguayos que permanecen en territorio brasile\u00f1o. El reclamo tom\u00f3 fuerza luego de las declaraciones del presidente Luiz In\u00e1cio Lula da Silva sobre la Guerra de la Triple Alianza, que Alliana calific\u00f3 como \u201cno acertadas\u201d.<!--more--><\/p>\n<p>Alliana record\u00f3 que cuando realiz\u00f3 el reclamo estaba ejerciendo la Presidencia de la Rep\u00fablica y sostuvo que sus palabras representaron \u201clas palabras del pueblo paraguayo\u201d. Aunque marc\u00f3 distancia con los dichos de Lula, evit\u00f3 profundizar el enfrentamiento y destac\u00f3 los gestos que el mandatario brasile\u00f1o tuvo con Paraguay. Ahora, puso la pelota en la cancha del Congreso brasile\u00f1o y se\u00f1al\u00f3 que una eventual devoluci\u00f3n ser\u00eda una se\u00f1al concreta de respeto hacia el pa\u00eds.<\/p>\n<p>Pero el vicepresidente tambi\u00e9n dej\u00f3 otro mensaje sobre la relaci\u00f3n con Brasil: Paraguay quiere mirar hacia adelante, aunque sin borrar su historia. \u201cNo creo que el pueblo brasile\u00f1o est\u00e9 orgulloso de tener esto en su poder\u201d, sostuvo, al referirse a los bienes paraguayos. Para Alliana, devolverlos podr\u00eda convertirse en un gesto pol\u00edtico de alto impacto y en el inicio de una nueva etapa en los v\u00ednculos bilaterales.<\/p>\n<p>La pregunta que queda abierta es si Brasil dar\u00e1 el paso. Paraguay ya hizo su reclamo y ahora la decisi\u00f3n est\u00e1 del otro lado de la frontera. El Ca\u00f1\u00f3n Cristiano vuelve as\u00ed al centro de una discusi\u00f3n que mezcla memoria hist\u00f3rica, diplomacia y una reivindicaci\u00f3n que sigue pendiente desde la Guerra de la Triple Alianza.<\/p>\n","protected":false},"excerpt":{"rendered":"<p>El vicepresidente Pedro Alliana volvi\u00f3 a poner sobre la mesa una vieja herida hist\u00f3rica entre Paraguay y Brasil: la devoluci\u00f3n<\/p>\n","protected":false},"author":2,"featured_media":6721,"comment_status":"open","ping_status":"open","sticky":false,"template":"","format":"standard","meta":{"colormag_page_container_layout":"default_layout","colormag_page_sidebar_layout":"default_layout","_angie_page":false,"_jetpack_newsletter_access":"","_jetpack_dont_email_post_to_subs":false,"_jetpack_newsletter_tier_id":0,"_jetpack_memberships_contains_paywalled_content":false,"page_builder":"","_jetpack_feature_clip_id":0,"_jetpack_memberships_contains_paid_content":false,"footnotes":"","jetpack_publicize_message":"","jetpack_publicize_feature_enabled":true,"jetpack_social_post_already_shared":true,"jetpack_social_options":{"image_generator_settings":{"template":"highway","default_image_id":0,"font":"","enabled":false},"version":2},"jetpack_post_was_ever_published":false},"categories":[5,89],"tags":[],"class_list":["post-6793","post","type-post","status-publish","format-standard","has-post-thumbnail","hentry","category-mapa-politico","category-noticias-destacadas"],"jetpack_publicize_connections":[],"jetpack_featured_media_url":"https:\/\/codigopoliticopy.com\/wp-content\/uploads\/2026\/08\/pedro_alliana_2.jpg","jetpack_sharing_enabled":true,"_links":{"self":[{"href":"https:\/\/codigopoliticopy.com\/index.php?rest_route=\/wp\/v2\/posts\/6793","targetHints":{"allow":["GET"]}}],"collection":[{"href":"https:\/\/codigopoliticopy.com\/index.php?rest_route=\/wp\/v2\/posts"}],"about":[{"href":"https:\/\/codigopoliticopy.com\/index.php?rest_route=\/wp\/v2\/types\/post"}],"author":[{"embeddable":true,"href":"https:\/\/codigopoliticopy.com\/index.php?rest_route=\/wp\/v2\/users\/2"}],"replies":[{"embeddable":true,"href":"https:\/\/codigopoliticopy.com\/index.php?rest_route=%2Fwp%2Fv2%2Fcomments&post=6793"}],"version-history":[{"count":1,"href":"https:\/\/codigopoliticopy.com\/index.php?rest_route=\/wp\/v2\/posts\/6793\/revisions"}],"predecessor-version":[{"id":6794,"href":"https:\/\/codigopoliticopy.com\/index.php?rest_route=\/wp\/v2\/posts\/6793\/revisions\/6794"}],"wp:featuredmedia":[{"embeddable":true,"href":"https:\/\/codigopoliticopy.com\/index.php?rest_route=\/wp\/v2\/media\/6721"}],"wp:attachment":[{"href":"https:\/\/codigopoliticopy.com\/index.php?rest_route=%2Fwp%2Fv2%2Fmedia&parent=6793"}],"wp:term":[{"taxonomy":"category","embeddable":true,"href":"https:\/\/codigopoliticopy.com\/index.php?rest_route=%2Fwp%2Fv2%2Fcategories&post=6793"},{"taxonomy":"post_tag","embeddable":true,"href":"https:\/\/codigopoliticopy.com\/index.php?rest_route=%2Fwp%2Fv2%2Ftags&post=6793"}],"curies":[{"name":"wp","href":"https:\/\/api.w.org\/{rel}","templated":true}]}}