{"id":6800,"date":"2026-08-24T07:20:09","date_gmt":"2026-08-24T10:20:09","guid":{"rendered":"https:\/\/codigopoliticopy.com\/?p=6800"},"modified":"2026-08-24T07:20:09","modified_gmt":"2026-08-24T10:20:09","slug":"arranca-la-carrera-por-la-defensoria-del-pueblo-con-seis-postulantes","status":"publish","type":"post","link":"https:\/\/codigopoliticopy.com\/?p=6800","title":{"rendered":"Arranca la carrera por la Defensor\u00eda del Pueblo con seis postulantes"},"content":{"rendered":"<p>El Senado inicia este lunes el proceso de selecci\u00f3n para los cargos de defensor del Pueblo y defensor adjunto, con la primera jornada de audiencias p\u00fablicas prevista para las 10:00 en la Sala de Sesiones de la C\u00e1mara Alta. En esta primera etapa ser\u00e1n escuchados seis postulantes: Rafael \u00c1vila, actual defensor adjunto; Natalia Sosa Flores, defensora adjunta; Federico G\u00e9nez, Isidro Mi\u00f1o, Alejandro Castillo y Alex Ben\u00edtez.<!--more--><\/p>\n<p>El procedimiento establece que el Senado tendr\u00e1 la responsabilidad de elaborar las ternas, mientras que la C\u00e1mara de Diputados ser\u00e1 la encargada de elegir finalmente a los representantes de la Defensor\u00eda del Pueblo. Para conformar la terna se requiere mayor\u00eda simple en el Senado, mientras que en Diputados se necesita una mayor\u00eda de dos tercios para concretar la designaci\u00f3n.<\/p>\n<p>El proceso se desarrolla en medio de dudas sobre el vencimiento del mandato de Rafael \u00c1vila, previsto oficialmente para el 10 de noviembre. Si bien \u00c1vila asumi\u00f3 como defensor del Pueblo en septiembre de 2022, desde el Senado sostienen que debe completar el periodo iniciado por Miguel Godoy, quien renunci\u00f3 antes de concluir su mandato. La Constituci\u00f3n establece un periodo de cinco a\u00f1os, por lo que la interpretaci\u00f3n sobre el plazo genera debate en torno al proceso de renovaci\u00f3n.<\/p>\n","protected":false},"excerpt":{"rendered":"<p>El Senado inicia este lunes el proceso de selecci\u00f3n para los cargos de defensor del Pueblo y defensor adjunto, con<\/p>\n","protected":false},"author":2,"featured_media":6680,"comment_status":"open","ping_status":"open","sticky":false,"template":"","format":"standard","meta":{"colormag_page_container_layout":"default_layout","colormag_page_sidebar_layout":"default_layout","_angie_page":false,"_jetpack_newsletter_access":"","_jetpack_dont_email_post_to_subs":false,"_jetpack_newsletter_tier_id":0,"_jetpack_memberships_contains_paywalled_content":false,"page_builder":"","_jetpack_feature_clip_id":0,"_jetpack_memberships_contains_paid_content":false,"footnotes":"","jetpack_publicize_message":"","jetpack_publicize_feature_enabled":true,"jetpack_social_post_already_shared":true,"jetpack_social_options":{"image_generator_settings":{"template":"highway","default_image_id":0,"font":"","enabled":false},"version":2},"jetpack_post_was_ever_published":false},"categories":[96,89,2],"tags":[],"class_list":["post-6800","post","type-post","status-publish","format-standard","has-post-thumbnail","hentry","category-congreso","category-noticias-destacadas","category-senado"],"jetpack_publicize_connections":[],"jetpack_featured_media_url":"https:\/\/codigopoliticopy.com\/wp-content\/uploads\/2026\/07\/defensoria_del_pueblo_cp.jpg","jetpack_sharing_enabled":true,"_links":{"self":[{"href":"https:\/\/codigopoliticopy.com\/index.php?rest_route=\/wp\/v2\/posts\/6800","targetHints":{"allow":["GET"]}}],"collection":[{"href":"https:\/\/codigopoliticopy.com\/index.php?rest_route=\/wp\/v2\/posts"}],"about":[{"href":"https:\/\/codigopoliticopy.com\/index.php?rest_route=\/wp\/v2\/types\/post"}],"author":[{"embeddable":true,"href":"https:\/\/codigopoliticopy.com\/index.php?rest_route=\/wp\/v2\/users\/2"}],"replies":[{"embeddable":true,"href":"https:\/\/codigopoliticopy.com\/index.php?rest_route=%2Fwp%2Fv2%2Fcomments&post=6800"}],"version-history":[{"count":1,"href":"https:\/\/codigopoliticopy.com\/index.php?rest_route=\/wp\/v2\/posts\/6800\/revisions"}],"predecessor-version":[{"id":6801,"href":"https:\/\/codigopoliticopy.com\/index.php?rest_route=\/wp\/v2\/posts\/6800\/revisions\/6801"}],"wp:featuredmedia":[{"embeddable":true,"href":"https:\/\/codigopoliticopy.com\/index.php?rest_route=\/wp\/v2\/media\/6680"}],"wp:attachment":[{"href":"https:\/\/codigopoliticopy.com\/index.php?rest_route=%2Fwp%2Fv2%2Fmedia&parent=6800"}],"wp:term":[{"taxonomy":"category","embeddable":true,"href":"https:\/\/codigopoliticopy.com\/index.php?rest_route=%2Fwp%2Fv2%2Fcategories&post=6800"},{"taxonomy":"post_tag","embeddable":true,"href":"https:\/\/codigopoliticopy.com\/index.php?rest_route=%2Fwp%2Fv2%2Ftags&post=6800"}],"curies":[{"name":"wp","href":"https:\/\/api.w.org\/{rel}","templated":true}]}}