{"id":6809,"date":"2026-08-26T18:59:55","date_gmt":"2026-08-26T21:59:55","guid":{"rendered":"https:\/\/codigopoliticopy.com\/?p=6809"},"modified":"2026-08-26T18:59:55","modified_gmt":"2026-08-26T21:59:55","slug":"el-senado-arma-la-terna-de-la-contraloria-y-deja-la-definicion-en-manos-de-diputados","status":"publish","type":"post","link":"https:\/\/codigopoliticopy.com\/?p=6809","title":{"rendered":"El Senado arma la terna de la Contralor\u00eda y deja la definici\u00f3n en manos de Diputados"},"content":{"rendered":"<p>El Senado aprob\u00f3 este mi\u00e9rcoles las ternas para los cargos de Contralor y Subcontralor General de la Rep\u00fablica, dando un paso clave en el proceso de renovaci\u00f3n de las autoridades del organismo encargado de fiscalizar el uso de los recursos p\u00fablicos. La propuesta fue remitida a la C\u00e1mara de Diputados, que tendr\u00e1 ahora la responsabilidad de definir qui\u00e9nes ocupar\u00e1n ambos cargos.<!--more--><\/p>\n<p>La terna para Contralor General qued\u00f3 integrada por el actual titular de la instituci\u00f3n, Camilo Daniel Ben\u00edtez Aldana, adem\u00e1s de Mabel Bogado Oviedo y Carlos Vera Ruiz. La continuidad de Ben\u00edtez fue uno de los puntos que gener\u00f3 mayor debate durante el proceso, mientras distintos sectores pol\u00edticos evaluaron los perfiles de los postulantes.<\/p>\n<p>Para la Subcontralor\u00eda, los candidatos seleccionados son Augusto Paiva, Armindo Torres y Cosme Antonio Torres. Con la conformaci\u00f3n de ambas ternas, la disputa pasa ahora a Diputados, donde los legisladores deber\u00e1n analizar los perfiles y definir a los futuros titulares de la Contralor\u00eda. La decisi\u00f3n ser\u00e1 clave por el peso que tiene la instituci\u00f3n en el control y fiscalizaci\u00f3n de la administraci\u00f3n y los recursos p\u00fablicos.<\/p>\n","protected":false},"excerpt":{"rendered":"<p>El Senado aprob\u00f3 este mi\u00e9rcoles las ternas para los cargos de Contralor y Subcontralor General de la Rep\u00fablica, dando un<\/p>\n","protected":false},"author":2,"featured_media":6552,"comment_status":"open","ping_status":"open","sticky":false,"template":"","format":"standard","meta":{"colormag_page_container_layout":"default_layout","colormag_page_sidebar_layout":"default_layout","_angie_page":false,"_jetpack_newsletter_access":"","_jetpack_dont_email_post_to_subs":false,"_jetpack_newsletter_tier_id":0,"_jetpack_memberships_contains_paywalled_content":false,"page_builder":"","_jetpack_feature_clip_id":0,"_jetpack_memberships_contains_paid_content":false,"footnotes":"","jetpack_publicize_message":"","jetpack_publicize_feature_enabled":true,"jetpack_social_post_already_shared":true,"jetpack_social_options":{"image_generator_settings":{"template":"highway","default_image_id":0,"font":"","enabled":false},"version":2},"jetpack_post_was_ever_published":false},"categories":[89,96,2],"tags":[],"class_list":["post-6809","post","type-post","status-publish","format-standard","has-post-thumbnail","hentry","category-noticias-destacadas","category-congreso","category-senado"],"jetpack_publicize_connections":[],"jetpack_featured_media_url":"https:\/\/codigopoliticopy.com\/wp-content\/uploads\/2026\/07\/senado_pleno_julio.jpg","jetpack_sharing_enabled":true,"_links":{"self":[{"href":"https:\/\/codigopoliticopy.com\/index.php?rest_route=\/wp\/v2\/posts\/6809","targetHints":{"allow":["GET"]}}],"collection":[{"href":"https:\/\/codigopoliticopy.com\/index.php?rest_route=\/wp\/v2\/posts"}],"about":[{"href":"https:\/\/codigopoliticopy.com\/index.php?rest_route=\/wp\/v2\/types\/post"}],"author":[{"embeddable":true,"href":"https:\/\/codigopoliticopy.com\/index.php?rest_route=\/wp\/v2\/users\/2"}],"replies":[{"embeddable":true,"href":"https:\/\/codigopoliticopy.com\/index.php?rest_route=%2Fwp%2Fv2%2Fcomments&post=6809"}],"version-history":[{"count":1,"href":"https:\/\/codigopoliticopy.com\/index.php?rest_route=\/wp\/v2\/posts\/6809\/revisions"}],"predecessor-version":[{"id":6810,"href":"https:\/\/codigopoliticopy.com\/index.php?rest_route=\/wp\/v2\/posts\/6809\/revisions\/6810"}],"wp:featuredmedia":[{"embeddable":true,"href":"https:\/\/codigopoliticopy.com\/index.php?rest_route=\/wp\/v2\/media\/6552"}],"wp:attachment":[{"href":"https:\/\/codigopoliticopy.com\/index.php?rest_route=%2Fwp%2Fv2%2Fmedia&parent=6809"}],"wp:term":[{"taxonomy":"category","embeddable":true,"href":"https:\/\/codigopoliticopy.com\/index.php?rest_route=%2Fwp%2Fv2%2Fcategories&post=6809"},{"taxonomy":"post_tag","embeddable":true,"href":"https:\/\/codigopoliticopy.com\/index.php?rest_route=%2Fwp%2Fv2%2Ftags&post=6809"}],"curies":[{"name":"wp","href":"https:\/\/api.w.org\/{rel}","templated":true}]}}