{"id":6818,"date":"2026-08-31T09:21:28","date_gmt":"2026-08-31T12:21:28","guid":{"rendered":"https:\/\/codigopoliticopy.com\/?p=6818"},"modified":"2026-08-31T09:22:47","modified_gmt":"2026-08-31T12:22:47","slug":"amarilla-pide-una-matriz-salarial-unica-para-ordenar-el-sistema-de-salud","status":"publish","type":"post","link":"https:\/\/codigopoliticopy.com\/?p=6818","title":{"rendered":"Amarilla pide una matriz salarial \u00fanica para ordenar el sistema de salud"},"content":{"rendered":"<p data-start=\"78\" data-end=\"250\">El senador <strong data-start=\"89\" data-end=\"110\">Dionisio Amarilla<\/strong> cuestion\u00f3 la gesti\u00f3n del Ministerio de Salud P\u00fablica ante las posibles renuncias masivas de profesionales y los reclamos del sector m\u00e9dico.<!--more--><\/p>\n<p data-start=\"252\" data-end=\"511\">A trav\u00e9s de una publicaci\u00f3n, Amarilla plante\u00f3 que el Ministerio, como rector de la salud p\u00fablica, deber\u00eda aprovechar la coyuntura para <strong data-start=\"387\" data-end=\"468\">ordenar el escalaf\u00f3n salarial y establecer una \u00fanica matriz de remuneraciones<\/strong> para los profesionales de todo el sistema.<\/p>\n<p data-start=\"513\" data-end=\"732\">Su propuesta incluye al <strong data-start=\"537\" data-end=\"655\">MSP y BS, IPS, la Sanidad de las Fuerzas Armadas, Sanidad Policial, San Jorge, cl\u00ednicas y otros hospitales escuela<\/strong>, con el objetivo de unificar las categor\u00edas y establecer par\u00e1metros comunes.<\/p>\n<p data-start=\"734\" data-end=\"968\">El legislador tambi\u00e9n plante\u00f3 <strong data-start=\"764\" data-end=\"812\">reconfigurar la matriz del anexo de personal<\/strong> y unificar las categor\u00edas, exceptuando los cargos docentes. Como alternativa para avanzar r\u00e1pidamente, propuso recurrir a <strong data-start=\"935\" data-end=\"967\">una ley especial de urgencia<\/strong>.<\/p>\n<p data-start=\"970\" data-end=\"1158\">Amarilla vincul\u00f3 la situaci\u00f3n con el actual escenario electoral y cuestion\u00f3 que, a su criterio, el Gobierno pueda no avanzar con una soluci\u00f3n pese a la situaci\u00f3n planteada por los m\u00e9dicos.<\/p>\n<p data-start=\"1160\" data-end=\"1328\" data-is-last-node=\"\" data-is-only-node=\"\">\u201c<strong data-start=\"1161\" data-end=\"1208\">Es la \u00fanica manera de sanear la instituci\u00f3n<\/strong>\u201d, sostuvo el senador al defender la necesidad de una reforma integral del esquema salarial del sector p\u00fablico de salud.<\/p>\n","protected":false},"excerpt":{"rendered":"<p>El senador Dionisio Amarilla cuestion\u00f3 la gesti\u00f3n del Ministerio de Salud P\u00fablica ante las posibles renuncias masivas de profesionales y<\/p>\n","protected":false},"author":2,"featured_media":6677,"comment_status":"open","ping_status":"open","sticky":false,"template":"","format":"standard","meta":{"colormag_page_container_layout":"default_layout","colormag_page_sidebar_layout":"default_layout","_angie_page":false,"_jetpack_newsletter_access":"","_jetpack_dont_email_post_to_subs":false,"_jetpack_newsletter_tier_id":0,"_jetpack_memberships_contains_paywalled_content":false,"page_builder":"","_jetpack_feature_clip_id":0,"_jetpack_memberships_contains_paid_content":false,"footnotes":"","jetpack_publicize_message":"","jetpack_publicize_feature_enabled":true,"jetpack_social_post_already_shared":true,"jetpack_social_options":{"image_generator_settings":{"template":"highway","default_image_id":0,"font":"","enabled":false},"version":2},"jetpack_post_was_ever_published":false},"categories":[96,89],"tags":[],"class_list":["post-6818","post","type-post","status-publish","format-standard","has-post-thumbnail","hentry","category-congreso","category-noticias-destacadas"],"jetpack_publicize_connections":[],"jetpack_featured_media_url":"https:\/\/codigopoliticopy.com\/wp-content\/uploads\/2026\/07\/dionisio_amarilla_cp_1.png","jetpack_sharing_enabled":true,"_links":{"self":[{"href":"https:\/\/codigopoliticopy.com\/index.php?rest_route=\/wp\/v2\/posts\/6818","targetHints":{"allow":["GET"]}}],"collection":[{"href":"https:\/\/codigopoliticopy.com\/index.php?rest_route=\/wp\/v2\/posts"}],"about":[{"href":"https:\/\/codigopoliticopy.com\/index.php?rest_route=\/wp\/v2\/types\/post"}],"author":[{"embeddable":true,"href":"https:\/\/codigopoliticopy.com\/index.php?rest_route=\/wp\/v2\/users\/2"}],"replies":[{"embeddable":true,"href":"https:\/\/codigopoliticopy.com\/index.php?rest_route=%2Fwp%2Fv2%2Fcomments&post=6818"}],"version-history":[{"count":1,"href":"https:\/\/codigopoliticopy.com\/index.php?rest_route=\/wp\/v2\/posts\/6818\/revisions"}],"predecessor-version":[{"id":6819,"href":"https:\/\/codigopoliticopy.com\/index.php?rest_route=\/wp\/v2\/posts\/6818\/revisions\/6819"}],"wp:featuredmedia":[{"embeddable":true,"href":"https:\/\/codigopoliticopy.com\/index.php?rest_route=\/wp\/v2\/media\/6677"}],"wp:attachment":[{"href":"https:\/\/codigopoliticopy.com\/index.php?rest_route=%2Fwp%2Fv2%2Fmedia&parent=6818"}],"wp:term":[{"taxonomy":"category","embeddable":true,"href":"https:\/\/codigopoliticopy.com\/index.php?rest_route=%2Fwp%2Fv2%2Fcategories&post=6818"},{"taxonomy":"post_tag","embeddable":true,"href":"https:\/\/codigopoliticopy.com\/index.php?rest_route=%2Fwp%2Fv2%2Ftags&post=6818"}],"curies":[{"name":"wp","href":"https:\/\/api.w.org\/{rel}","templated":true}]}}