{"id":6820,"date":"2026-09-01T07:47:14","date_gmt":"2026-09-01T10:47:14","guid":{"rendered":"https:\/\/codigopoliticopy.com\/?p=6820"},"modified":"2026-09-01T07:47:35","modified_gmt":"2026-09-01T10:47:35","slug":"ejecutivo-presenta-hoy-el-pgn-2027-y-abre-el-debate-sobre-el-gasto-publico","status":"publish","type":"post","link":"https:\/\/codigopoliticopy.com\/?p=6820","title":{"rendered":"Ejecutivo presenta hoy el PGN 2027 y abre el debate sobre el gasto p\u00fablico"},"content":{"rendered":"<div class=\"flex max-w-full flex-col gap-4 grow\">\n<div class=\"min-h-8 text-message relative flex w-full flex-col items-end gap-2 text-start break-words whitespace-normal outline-none keyboard-focused:focus-ring [.text-message+&amp;]:mt-1\" dir=\"auto\" tabindex=\"0\" data-message-author-role=\"assistant\" data-message-id=\"c8e3a428-c56c-4571-a379-ce27ccca1856\" data-turn-start-message=\"true\" data-message-model-slug=\"gpt-5-6\">\n<div class=\"flex w-full flex-col gap-1 empty:hidden\">\n<div class=\"fbskMG_root markdown prose dark:prose-invert wrap-break-word w-full light markdown-new-styling\">\n<p style=\"text-align: justify;\" data-start=\"79\" data-end=\"538\">El Poder Ejecutivo presenta este <strong data-start=\"112\" data-end=\"211\">1 de septiembre al Congreso Nacional el proyecto de Presupuesto General de la Naci\u00f3n (PGN) 2027<\/strong>, dando inicio al proceso de an\u00e1lisis legislativo del plan de gastos del Estado para el pr\u00f3ximo a\u00f1o. El proyecto fue elaborado bajo lineamientos que priorizan la eficiencia del gasto, el cumplimiento de las reglas fiscales y la vinculaci\u00f3n con el Plan Nacional de Desarrollo Paraguay 2050.<\/p>\n<p style=\"text-align: justify;\" data-start=\"540\" data-end=\"804\">Uno de los principales focos estar\u00e1 puesto en <strong data-start=\"586\" data-end=\"603\">Salud P\u00fablica<\/strong>. El Ejecutivo anunci\u00f3 que el proyecto contempla <strong data-start=\"652\" data-end=\"700\">USD 760 millones para medicamentos e insumos<\/strong>, unos USD 260 millones m\u00e1s que el presupuesto aprobado para 2026.<\/p>\n<p class=\"\" style=\"text-align: justify;\" data-start=\"806\" data-end=\"1043\">Tras la presentaci\u00f3n, el proyecto pasar\u00e1 al Congreso para su estudio, con la participaci\u00f3n de la <strong data-start=\"903\" data-end=\"940\">Comisi\u00f3n Bicameral de Presupuesto. <\/strong>El debate legislativo deber\u00e1 definir las prioridades del gasto para 2027 y, al mismo tiempo, buscar un equilibrio entre las demandas de los distintos sectores y la sostenibilidad de las cuentas p\u00fablicas.<\/p>\n<\/div>\n<\/div>\n<\/div>\n<\/div>\n<p><!--more--><\/p>\n<div class=\"z-0 flex min-h-[46px] justify-start\" style=\"text-align: justify;\"><\/div>\n","protected":false},"excerpt":{"rendered":"<p>El Poder Ejecutivo presenta este 1 de septiembre al Congreso Nacional el proyecto de Presupuesto General de la Naci\u00f3n (PGN)<\/p>\n","protected":false},"author":2,"featured_media":6803,"comment_status":"open","ping_status":"open","sticky":false,"template":"","format":"standard","meta":{"colormag_page_container_layout":"default_layout","colormag_page_sidebar_layout":"default_layout","_angie_page":false,"_jetpack_newsletter_access":"","_jetpack_dont_email_post_to_subs":false,"_jetpack_newsletter_tier_id":0,"_jetpack_memberships_contains_paywalled_content":false,"page_builder":"","_jetpack_feature_clip_id":0,"_jetpack_memberships_contains_paid_content":false,"footnotes":"","jetpack_publicize_message":"","jetpack_publicize_feature_enabled":true,"jetpack_social_post_already_shared":true,"jetpack_social_options":{"image_generator_settings":{"template":"highway","default_image_id":0,"font":"","enabled":false},"version":2},"jetpack_post_was_ever_published":false},"categories":[96,89],"tags":[],"class_list":["post-6820","post","type-post","status-publish","format-standard","has-post-thumbnail","hentry","category-congreso","category-noticias-destacadas"],"jetpack_publicize_connections":[],"jetpack_featured_media_url":"https:\/\/codigopoliticopy.com\/wp-content\/uploads\/2026\/08\/oscar_lovera_mef.jpg","jetpack_sharing_enabled":true,"_links":{"self":[{"href":"https:\/\/codigopoliticopy.com\/index.php?rest_route=\/wp\/v2\/posts\/6820","targetHints":{"allow":["GET"]}}],"collection":[{"href":"https:\/\/codigopoliticopy.com\/index.php?rest_route=\/wp\/v2\/posts"}],"about":[{"href":"https:\/\/codigopoliticopy.com\/index.php?rest_route=\/wp\/v2\/types\/post"}],"author":[{"embeddable":true,"href":"https:\/\/codigopoliticopy.com\/index.php?rest_route=\/wp\/v2\/users\/2"}],"replies":[{"embeddable":true,"href":"https:\/\/codigopoliticopy.com\/index.php?rest_route=%2Fwp%2Fv2%2Fcomments&post=6820"}],"version-history":[{"count":1,"href":"https:\/\/codigopoliticopy.com\/index.php?rest_route=\/wp\/v2\/posts\/6820\/revisions"}],"predecessor-version":[{"id":6821,"href":"https:\/\/codigopoliticopy.com\/index.php?rest_route=\/wp\/v2\/posts\/6820\/revisions\/6821"}],"wp:featuredmedia":[{"embeddable":true,"href":"https:\/\/codigopoliticopy.com\/index.php?rest_route=\/wp\/v2\/media\/6803"}],"wp:attachment":[{"href":"https:\/\/codigopoliticopy.com\/index.php?rest_route=%2Fwp%2Fv2%2Fmedia&parent=6820"}],"wp:term":[{"taxonomy":"category","embeddable":true,"href":"https:\/\/codigopoliticopy.com\/index.php?rest_route=%2Fwp%2Fv2%2Fcategories&post=6820"},{"taxonomy":"post_tag","embeddable":true,"href":"https:\/\/codigopoliticopy.com\/index.php?rest_route=%2Fwp%2Fv2%2Ftags&post=6820"}],"curies":[{"name":"wp","href":"https:\/\/api.w.org\/{rel}","templated":true}]}}