{"id":6822,"date":"2026-09-01T08:19:51","date_gmt":"2026-09-01T11:19:51","guid":{"rendered":"https:\/\/codigopoliticopy.com\/?p=6822"},"modified":"2026-09-01T08:19:51","modified_gmt":"2026-09-01T11:19:51","slug":"diputados-aborda-hoy-una-agenda-con-salud-ips-y-una-interpelacion-a-centurion","status":"publish","type":"post","link":"https:\/\/codigopoliticopy.com\/?p=6822","title":{"rendered":"Diputados aborda hoy una agenda con salud, IPS y una interpelaci\u00f3n a Centuri\u00f3n"},"content":{"rendered":"<p style=\"text-align: justify;\" data-start=\"82\" data-end=\"300\">La C\u00e1mara de Diputados sesiona este martes con una agenda que incluye proyectos de <strong data-start=\"165\" data-end=\"210\">impacto social, sanitario e institucional<\/strong>, adem\u00e1s de un pedido de interpelaci\u00f3n a la ministra de Obras P\u00fablicas, Claudia Centuri\u00f3n.<!--more--><\/p>\n<p style=\"text-align: justify;\" data-start=\"302\" data-end=\"529\">Entre los primeros puntos figura una <strong data-start=\"339\" data-end=\"402\">ampliaci\u00f3n presupuestaria para la Corte Suprema de Justicia<\/strong>, mientras que tambi\u00e9n ser\u00e1 analizado un proyecto que plantea establecer <strong data-start=\"475\" data-end=\"528\">controles b\u00e1sicos de salud gratuitos en farmacias<\/strong>.<\/p>\n<p style=\"text-align: justify;\" data-start=\"531\" data-end=\"773\">Otro de los temas que podr\u00eda generar debate es la propuesta de <strong data-start=\"594\" data-end=\"701\">formalizaci\u00f3n simplificada para comerciantes minoristas, mesiteros y vendedores de ciudades fronterizas<\/strong>, que cuenta con dict\u00e1menes contrapuestos entre las comisiones asesoras.<\/p>\n<p style=\"text-align: justify;\" data-start=\"775\" data-end=\"1078\">La agenda contempla adem\u00e1s la continuaci\u00f3n del estudio de modificaciones al <strong data-start=\"851\" data-end=\"867\">C\u00f3digo Penal<\/strong>, un proyecto sobre <strong data-start=\"887\" data-end=\"918\">permisos por duelo parental<\/strong>, beneficios de transporte para personas con enfermedades catastr\u00f3ficas y una propuesta vinculada a la <strong data-start=\"1021\" data-end=\"1077\">carga horaria de bioqu\u00edmicos y farmac\u00e9uticos del IPS<\/strong>.<\/p>\n<h3 style=\"text-align: justify;\" data-section-id=\"1xium92\" data-start=\"1080\" data-end=\"1129\">Interpelaci\u00f3n a la ministra de Obras P\u00fablicas<\/h3>\n<p style=\"text-align: justify;\" data-start=\"1131\" data-end=\"1339\">En el plano pol\u00edtico, uno de los puntos de mayor atenci\u00f3n ser\u00e1 el proyecto de resoluci\u00f3n que plantea <strong data-start=\"1232\" data-end=\"1305\">citar e interpelar a la ministra de Obras P\u00fablicas, Claudia Centuri\u00f3n<\/strong>, presentado por varios diputados.<\/p>\n<p style=\"text-align: justify;\" data-start=\"1341\" data-end=\"1544\">La iniciativa busca que la titular del MOP responda ante la C\u00e1mara de Diputados sobre distintos aspectos relacionados con la gesti\u00f3n de la cartera, en un mecanismo de control pol\u00edtico al Poder Ejecutivo.<\/p>\n<h3 style=\"text-align: justify;\" data-section-id=\"clrbdk\" data-start=\"1546\" data-end=\"1604\">Pensi\u00f3n para adultos mayores y v\u00edctimas de feminicidio<\/h3>\n<p style=\"text-align: justify;\" data-start=\"1606\" data-end=\"1891\">Durante la sesi\u00f3n tambi\u00e9n continuar\u00e1 el estudio de modificaciones a la <strong data-start=\"1677\" data-end=\"1719\">pensi\u00f3n universal para adultos mayores<\/strong>, as\u00ed como del proyecto que establece una pensi\u00f3n para <strong data-start=\"1774\" data-end=\"1890\">ni\u00f1os, adolescentes y personas con discapacidad v\u00edctimas colaterales de feminicidio u homicidio de su progenitor<\/strong>.<\/p>\n<p style=\"text-align: justify;\" data-start=\"1893\" data-end=\"2062\">Adem\u00e1s, los diputados tratar\u00e1n iniciativas relacionadas con la <strong data-start=\"1956\" data-end=\"1981\">Ley de Vida Silvestre<\/strong> y una propuesta para reglamentar el dise\u00f1o y uso de los <strong data-start=\"2038\" data-end=\"2061\">s\u00edmbolos nacionales<\/strong>.<\/p>\n<p style=\"text-align: justify;\" data-start=\"2064\" data-end=\"2282\" data-is-last-node=\"\" data-is-only-node=\"\">La diversidad de temas plantea una jornada con discusiones que abarcan desde <strong data-start=\"2141\" data-end=\"2217\">salud y protecci\u00f3n social hasta control pol\u00edtico y reformas legislativas<\/strong>, en una sesi\u00f3n que podr\u00eda generar un intenso debate en el pleno.<\/p>\n","protected":false},"excerpt":{"rendered":"<p>La C\u00e1mara de Diputados sesiona este martes con una agenda que incluye proyectos de impacto social, sanitario e institucional, adem\u00e1s<\/p>\n","protected":false},"author":2,"featured_media":6534,"comment_status":"open","ping_status":"open","sticky":false,"template":"","format":"standard","meta":{"colormag_page_container_layout":"default_layout","colormag_page_sidebar_layout":"default_layout","_angie_page":false,"_jetpack_newsletter_access":"","_jetpack_dont_email_post_to_subs":false,"_jetpack_newsletter_tier_id":0,"_jetpack_memberships_contains_paywalled_content":false,"page_builder":"","_jetpack_feature_clip_id":0,"_jetpack_memberships_contains_paid_content":false,"footnotes":"","jetpack_publicize_message":"","jetpack_publicize_feature_enabled":true,"jetpack_social_post_already_shared":true,"jetpack_social_options":{"image_generator_settings":{"template":"highway","default_image_id":0,"font":"","enabled":false},"version":2},"jetpack_post_was_ever_published":false},"categories":[3,89],"tags":[],"class_list":["post-6822","post","type-post","status-publish","format-standard","has-post-thumbnail","hentry","category-diputados","category-noticias-destacadas"],"jetpack_publicize_connections":[],"jetpack_featured_media_url":"https:\/\/codigopoliticopy.com\/wp-content\/uploads\/2026\/06\/pleno_diputados_2026-1.jpg","jetpack_sharing_enabled":true,"_links":{"self":[{"href":"https:\/\/codigopoliticopy.com\/index.php?rest_route=\/wp\/v2\/posts\/6822","targetHints":{"allow":["GET"]}}],"collection":[{"href":"https:\/\/codigopoliticopy.com\/index.php?rest_route=\/wp\/v2\/posts"}],"about":[{"href":"https:\/\/codigopoliticopy.com\/index.php?rest_route=\/wp\/v2\/types\/post"}],"author":[{"embeddable":true,"href":"https:\/\/codigopoliticopy.com\/index.php?rest_route=\/wp\/v2\/users\/2"}],"replies":[{"embeddable":true,"href":"https:\/\/codigopoliticopy.com\/index.php?rest_route=%2Fwp%2Fv2%2Fcomments&post=6822"}],"version-history":[{"count":1,"href":"https:\/\/codigopoliticopy.com\/index.php?rest_route=\/wp\/v2\/posts\/6822\/revisions"}],"predecessor-version":[{"id":6823,"href":"https:\/\/codigopoliticopy.com\/index.php?rest_route=\/wp\/v2\/posts\/6822\/revisions\/6823"}],"wp:featuredmedia":[{"embeddable":true,"href":"https:\/\/codigopoliticopy.com\/index.php?rest_route=\/wp\/v2\/media\/6534"}],"wp:attachment":[{"href":"https:\/\/codigopoliticopy.com\/index.php?rest_route=%2Fwp%2Fv2%2Fmedia&parent=6822"}],"wp:term":[{"taxonomy":"category","embeddable":true,"href":"https:\/\/codigopoliticopy.com\/index.php?rest_route=%2Fwp%2Fv2%2Fcategories&post=6822"},{"taxonomy":"post_tag","embeddable":true,"href":"https:\/\/codigopoliticopy.com\/index.php?rest_route=%2Fwp%2Fv2%2Ftags&post=6822"}],"curies":[{"name":"wp","href":"https:\/\/api.w.org\/{rel}","templated":true}]}}