{"id":6833,"date":"2026-09-02T09:10:27","date_gmt":"2026-09-02T12:10:27","guid":{"rendered":"https:\/\/codigopoliticopy.com\/?p=6833"},"modified":"2026-09-02T09:10:27","modified_gmt":"2026-09-02T12:10:27","slug":"diputados-confirma-a-camilo-benitez-y-elige-a-armindo-torres-para-la-contraloria","status":"publish","type":"post","link":"https:\/\/codigopoliticopy.com\/?p=6833","title":{"rendered":"Diputados confirma a Camilo Ben\u00edtez y elige a Armindo Torres para la Contralor\u00eda"},"content":{"rendered":"<p style=\"text-align: justify;\" data-start=\"233\" data-end=\"508\">La C\u00e1mara de Diputados defini\u00f3 este martes a las pr\u00f3ximas autoridades de la <strong data-start=\"309\" data-end=\"348\">Contralor\u00eda General de la Rep\u00fablica<\/strong>. <strong data-start=\"350\" data-end=\"375\">Camilo Ben\u00edtez Aldana<\/strong> fue reelecto como contralor general, mientras que <strong data-start=\"426\" data-end=\"451\">Armindo Torres Torres<\/strong> fue elegido como subcontralor para el periodo 2026-2031.<!--more--><\/p>\n<p style=\"text-align: justify;\" data-start=\"510\" data-end=\"767\">Ben\u00edtez obtuvo <strong data-start=\"525\" data-end=\"537\">64 votos<\/strong>, frente a los dos votos de <strong data-start=\"565\" data-end=\"588\">Mabel Bogado Oviedo<\/strong>. La terna se complet\u00f3 con <strong data-start=\"615\" data-end=\"635\">Carlos Vera Ruiz<\/strong>. Con la decisi\u00f3n, Ben\u00edtez continuar\u00e1 al frente de la instituci\u00f3n por un nuevo periodo, luego de ejercer el cargo entre 2021 y 2026.<\/p>\n<p style=\"text-align: justify;\" data-start=\"769\" data-end=\"986\">En la elecci\u00f3n para la Subcontralor\u00eda, <strong data-start=\"808\" data-end=\"845\">Armindo Torres consigui\u00f3 49 votos<\/strong>, mientras que el actual subcontralor, <strong data-start=\"884\" data-end=\"901\">Augusto Paiva<\/strong>, obtuvo 16. El tercer integrante de la terna fue <strong data-start=\"951\" data-end=\"985\">Cosme Alfredo Torres Rodr\u00edguez<\/strong>.<\/p>\n<p style=\"text-align: justify;\" data-start=\"988\" data-end=\"1113\">Los nuevos titulares asumir\u00e1n el <strong data-start=\"1021\" data-end=\"1047\">2 de noviembre de 2026<\/strong> y permanecer\u00e1n en sus cargos hasta el <strong data-start=\"1086\" data-end=\"1112\">1 de noviembre de 2031<\/strong>.<\/p>\n<p style=\"text-align: justify;\" data-start=\"1115\" data-end=\"1473\">La continuidad de Ben\u00edtez fue respaldada por el oficialismo, que destac\u00f3 su gesti\u00f3n en materia de <strong data-start=\"1213\" data-end=\"1297\">auditor\u00edas, fiscalizaci\u00f3n, control patrimonial y modernizaci\u00f3n de la Contralor\u00eda<\/strong>. Desde la oposici\u00f3n, sin embargo, hubo cuestionamientos al proceso y advertencias sobre la necesidad de preservar la independencia y la capacidad de control de la instituci\u00f3n.<\/p>\n<p style=\"text-align: justify;\" data-start=\"1475\" data-end=\"1697\" data-is-last-node=\"\" data-is-only-node=\"\">La definici\u00f3n de Diputados deja as\u00ed conformada la conducci\u00f3n de la Contralor\u00eda para los pr\u00f3ximos cinco a\u00f1os, en un momento en que el organismo tendr\u00e1 un papel clave en la <strong data-start=\"1646\" data-end=\"1696\">fiscalizaci\u00f3n del uso de los recursos p\u00fablicos<\/strong>.<\/p>\n","protected":false},"excerpt":{"rendered":"<p>La C\u00e1mara de Diputados defini\u00f3 este martes a las pr\u00f3ximas autoridades de la Contralor\u00eda General de la Rep\u00fablica. Camilo Ben\u00edtez<\/p>\n","protected":false},"author":2,"featured_media":6477,"comment_status":"open","ping_status":"open","sticky":false,"template":"","format":"standard","meta":{"colormag_page_container_layout":"default_layout","colormag_page_sidebar_layout":"default_layout","_angie_page":false,"_jetpack_newsletter_access":"","_jetpack_dont_email_post_to_subs":false,"_jetpack_newsletter_tier_id":0,"_jetpack_memberships_contains_paywalled_content":false,"page_builder":"","_jetpack_feature_clip_id":0,"_jetpack_memberships_contains_paid_content":false,"footnotes":"","jetpack_publicize_message":"","jetpack_publicize_feature_enabled":true,"jetpack_social_post_already_shared":true,"jetpack_social_options":{"image_generator_settings":{"template":"highway","default_image_id":0,"font":"","enabled":false},"version":2},"jetpack_post_was_ever_published":false},"categories":[89,3],"tags":[],"class_list":["post-6833","post","type-post","status-publish","format-standard","has-post-thumbnail","hentry","category-noticias-destacadas","category-diputados"],"jetpack_publicize_connections":[],"jetpack_featured_media_url":"https:\/\/codigopoliticopy.com\/wp-content\/uploads\/2026\/06\/pleno_diputados_2026.jpg","jetpack_sharing_enabled":true,"_links":{"self":[{"href":"https:\/\/codigopoliticopy.com\/index.php?rest_route=\/wp\/v2\/posts\/6833","targetHints":{"allow":["GET"]}}],"collection":[{"href":"https:\/\/codigopoliticopy.com\/index.php?rest_route=\/wp\/v2\/posts"}],"about":[{"href":"https:\/\/codigopoliticopy.com\/index.php?rest_route=\/wp\/v2\/types\/post"}],"author":[{"embeddable":true,"href":"https:\/\/codigopoliticopy.com\/index.php?rest_route=\/wp\/v2\/users\/2"}],"replies":[{"embeddable":true,"href":"https:\/\/codigopoliticopy.com\/index.php?rest_route=%2Fwp%2Fv2%2Fcomments&post=6833"}],"version-history":[{"count":1,"href":"https:\/\/codigopoliticopy.com\/index.php?rest_route=\/wp\/v2\/posts\/6833\/revisions"}],"predecessor-version":[{"id":6834,"href":"https:\/\/codigopoliticopy.com\/index.php?rest_route=\/wp\/v2\/posts\/6833\/revisions\/6834"}],"wp:featuredmedia":[{"embeddable":true,"href":"https:\/\/codigopoliticopy.com\/index.php?rest_route=\/wp\/v2\/media\/6477"}],"wp:attachment":[{"href":"https:\/\/codigopoliticopy.com\/index.php?rest_route=%2Fwp%2Fv2%2Fmedia&parent=6833"}],"wp:term":[{"taxonomy":"category","embeddable":true,"href":"https:\/\/codigopoliticopy.com\/index.php?rest_route=%2Fwp%2Fv2%2Fcategories&post=6833"},{"taxonomy":"post_tag","embeddable":true,"href":"https:\/\/codigopoliticopy.com\/index.php?rest_route=%2Fwp%2Fv2%2Ftags&post=6833"}],"curies":[{"name":"wp","href":"https:\/\/api.w.org\/{rel}","templated":true}]}}