{"id":6835,"date":"2026-09-02T10:55:14","date_gmt":"2026-09-02T13:55:14","guid":{"rendered":"https:\/\/codigopoliticopy.com\/?p=6835"},"modified":"2026-09-02T10:55:14","modified_gmt":"2026-09-02T13:55:14","slug":"comision-que-investigara-al-ips-y-salud-sigue-sin-integrarse-en-el-senado","status":"publish","type":"post","link":"https:\/\/codigopoliticopy.com\/?p=6835","title":{"rendered":"Comisi\u00f3n que investigar\u00e1 al IPS y Salud sigue sin integrarse en el Senado"},"content":{"rendered":"<p style=\"text-align: justify;\" data-start=\"78\" data-end=\"438\">El presidente del Congreso y de la C\u00e1mara de Senadores, <strong data-start=\"134\" data-end=\"159\">Basilio \u201cBachi\u201d N\u00fa\u00f1ez<\/strong>, se\u00f1al\u00f3 que la Comisi\u00f3n Especial de Investigaci\u00f3n de presuntos hechos de corrupci\u00f3n en el Instituto de Previsi\u00f3n Social (IPS) y el Ministerio de Salud todav\u00eda no puede entrar en funcionamiento debido a que un sector que no pertenece a la ANR a\u00fan no design\u00f3 a sus representantes.<!--more--><\/p>\n<p style=\"text-align: justify;\" data-start=\"440\" data-end=\"808\">La comisi\u00f3n fue creada por la <strong data-start=\"470\" data-end=\"493\">Resoluci\u00f3n N.\u00ba 1903<\/strong>, aprobada por el Senado el pasado 12 de agosto, y estar\u00e1 integrada por seis senadores, quienes deben ser designados por el titular de la C\u00e1mara Alta en acuerdo con las respectivas bancadas. La resoluci\u00f3n establece un plazo de <strong data-start=\"720\" data-end=\"740\">180 d\u00edas h\u00e1biles<\/strong>, con posibilidad de pr\u00f3rroga.<\/p>\n<p style=\"text-align: justify;\" data-start=\"810\" data-end=\"1072\">N\u00fa\u00f1ez sostuvo que la investigaci\u00f3n no se limitar\u00e1 al IPS, ya que el Ministerio de Salud tambi\u00e9n fue incluido en el alcance de la resoluci\u00f3n. El objetivo es investigar, hacer seguimiento y esclarecer presuntos hechos punibles de corrupci\u00f3n en ambas instituciones.<\/p>\n<p style=\"text-align: justify;\" data-start=\"1074\" data-end=\"1402\">La falta de integraci\u00f3n se mantiene mientras aumentan los cuestionamientos sobre la administraci\u00f3n del IPS. El retraso tambi\u00e9n coincide con la presentaci\u00f3n ante el Senado de un informe de la Contralor\u00eda General de la Rep\u00fablica que expuso nuevas irregularidades detectadas en la previsional.<\/p>\n<p style=\"text-align: justify;\" data-start=\"1404\" data-end=\"1799\" data-is-last-node=\"\" data-is-only-node=\"\"><strong data-start=\"1404\" data-end=\"1418\">Categor\u00eda:<\/strong> Pol\u00edtica<br data-start=\"1427\" data-end=\"1430\" \/><strong data-start=\"1430\" data-end=\"1439\">Tags:<\/strong> IPS, Basilio N\u00fa\u00f1ez, Senado, Comisi\u00f3n Investigadora, Ministerio de Salud, Contralor\u00eda<br data-start=\"1524\" data-end=\"1527\" \/><strong data-start=\"1527\" data-end=\"1536\">Slug:<\/strong> <code data-start=\"1537\" data-end=\"1597\" data-is-only-node=\"\">comision-investigara-ips-salud-sigue-sin-integrarse-senado<\/code><br data-start=\"1597\" data-end=\"1600\" \/><strong data-start=\"1600\" data-end=\"1621\">Meta descripci\u00f3n:<\/strong> Basilio N\u00fa\u00f1ez afirm\u00f3 que la comisi\u00f3n que investigar\u00e1 presuntos hechos de corrupci\u00f3n en el IPS y Salud a\u00fan no entra en funcionamiento por falta de designaci\u00f3n de sus integrantes.<\/p>\n","protected":false},"excerpt":{"rendered":"<p>El presidente del Congreso y de la C\u00e1mara de Senadores, Basilio \u201cBachi\u201d N\u00fa\u00f1ez, se\u00f1al\u00f3 que la Comisi\u00f3n Especial de Investigaci\u00f3n<\/p>\n","protected":false},"author":2,"featured_media":6235,"comment_status":"open","ping_status":"open","sticky":false,"template":"","format":"standard","meta":{"colormag_page_container_layout":"default_layout","colormag_page_sidebar_layout":"default_layout","_angie_page":false,"_jetpack_newsletter_access":"","_jetpack_dont_email_post_to_subs":false,"_jetpack_newsletter_tier_id":0,"_jetpack_memberships_contains_paywalled_content":false,"page_builder":"","_jetpack_feature_clip_id":0,"_jetpack_memberships_contains_paid_content":false,"footnotes":"","jetpack_publicize_message":"","jetpack_publicize_feature_enabled":true,"jetpack_social_post_already_shared":true,"jetpack_social_options":{"image_generator_settings":{"template":"highway","default_image_id":0,"font":"","enabled":false},"version":2},"jetpack_post_was_ever_published":false},"categories":[89,2],"tags":[],"class_list":["post-6835","post","type-post","status-publish","format-standard","has-post-thumbnail","hentry","category-noticias-destacadas","category-senado"],"jetpack_publicize_connections":[],"jetpack_featured_media_url":"https:\/\/codigopoliticopy.com\/wp-content\/uploads\/2026\/06\/bachi_nunez_cp.jpeg","jetpack_sharing_enabled":true,"_links":{"self":[{"href":"https:\/\/codigopoliticopy.com\/index.php?rest_route=\/wp\/v2\/posts\/6835","targetHints":{"allow":["GET"]}}],"collection":[{"href":"https:\/\/codigopoliticopy.com\/index.php?rest_route=\/wp\/v2\/posts"}],"about":[{"href":"https:\/\/codigopoliticopy.com\/index.php?rest_route=\/wp\/v2\/types\/post"}],"author":[{"embeddable":true,"href":"https:\/\/codigopoliticopy.com\/index.php?rest_route=\/wp\/v2\/users\/2"}],"replies":[{"embeddable":true,"href":"https:\/\/codigopoliticopy.com\/index.php?rest_route=%2Fwp%2Fv2%2Fcomments&post=6835"}],"version-history":[{"count":2,"href":"https:\/\/codigopoliticopy.com\/index.php?rest_route=\/wp\/v2\/posts\/6835\/revisions"}],"predecessor-version":[{"id":6840,"href":"https:\/\/codigopoliticopy.com\/index.php?rest_route=\/wp\/v2\/posts\/6835\/revisions\/6840"}],"wp:featuredmedia":[{"embeddable":true,"href":"https:\/\/codigopoliticopy.com\/index.php?rest_route=\/wp\/v2\/media\/6235"}],"wp:attachment":[{"href":"https:\/\/codigopoliticopy.com\/index.php?rest_route=%2Fwp%2Fv2%2Fmedia&parent=6835"}],"wp:term":[{"taxonomy":"category","embeddable":true,"href":"https:\/\/codigopoliticopy.com\/index.php?rest_route=%2Fwp%2Fv2%2Fcategories&post=6835"},{"taxonomy":"post_tag","embeddable":true,"href":"https:\/\/codigopoliticopy.com\/index.php?rest_route=%2Fwp%2Fv2%2Ftags&post=6835"}],"curies":[{"name":"wp","href":"https:\/\/api.w.org\/{rel}","templated":true}]}}